{"id":7873,"date":"2021-11-05T07:00:00","date_gmt":"2021-11-05T04:00:00","guid":{"rendered":"https:\/\/www.riemumielen.fi\/?p=7873"},"modified":"2022-06-29T11:01:58","modified_gmt":"2022-06-29T08:01:58","slug":"seikkailu-repoveden-kansallispuistossa","status":"publish","type":"post","link":"https:\/\/www.riemumielen.fi\/en\/vaellus\/seikkailu-repoveden-kansallispuistossa\/","title":{"rendered":"Seikkailu Repoveden kansallispuistossa"},"content":{"rendered":"\n<p>Syyskuun puoliv\u00e4liss\u00e4 oli taas aika seuraavalle pidemm\u00e4lle kansallispuistoretkelle ja t\u00e4n\u00e4 vuonna kohteeksi valikoitui <a href=\"https:\/\/www.repovedenkansallispuisto.fi\/\" target=\"_blank\" rel=\"noreferrer noopener\">Repoveden kansallispuisto<\/a>. Repovesi sijaitsee meilt\u00e4 katsottuna sopivasti parin tunnin ajomatkan p\u00e4\u00e4ss\u00e4 Kouvolan ja M\u00e4ntyharjun alueella ja se vaikutti mielenkiintoisen monipuoliselta ja meille uudelta kohteelta. Kuljimme kansallispuistossa yhteens\u00e4 14 kilometri\u00e4, johon kuului p\u00e4tk\u00e4t Ketunlenkki\u00e4, Koppelonkierrosta ja Kaakkurinkierrosta. Ensimm\u00e4isen\u00e4 p\u00e4iv\u00e4n\u00e4 kuljimme noin kahdeksan ja toisena p\u00e4iv\u00e4n\u00e4 noin kuusi kilometri\u00e4 ja retkip\u00e4ivien v\u00e4liss\u00e4 vietimme yhden y\u00f6n varaustuvassa.<\/p>\n\n\n\n<h4 class=\"wp-block-heading\">Repoveden y\u00f6n yli reissu alkaa<\/h4>\n\n\n\n<p>Alkuper\u00e4isen suunnitelman mukaan meid\u00e4n oli tarkoitus viett\u00e4\u00e4 Repoveden kansallispuistossa pari y\u00f6t\u00e4, joista yksi teltassa ja toinen varaustuvassa. Suunnitelmissa oli l\u00e4hte\u00e4 matkaan parin koiran kanssa. Muutin kuitenkin suunnitelmaa viime hetkill\u00e4 sateisen ja viile\u00e4n s\u00e4\u00e4n sek\u00e4 koirahoitopaikan puuttumisen vuoksi, ja y\u00f6vyimme Repovedell\u00e4 vain yhden y\u00f6n. Reissussa oli t\u00e4ll\u00e4 kertaa mukana parin koiran sijaan kaikki viisi pitk\u00e4karvaista collieitamme eli <a href=\"https:\/\/www.riemumielen.fi\/koiramme\/fiona\/\" target=\"_blank\" rel=\"noreferrer noopener\">Fiona<\/a>, <a href=\"https:\/\/www.riemumielen.fi\/koiramme\/riemu\/\" target=\"_blank\" rel=\"noreferrer noopener\">Riemu<\/a>, <a href=\"https:\/\/www.riemumielen.fi\/koiramme\/sansa\/\" target=\"_blank\" rel=\"noreferrer noopener\">Sansa<\/a>, <a href=\"https:\/\/www.riemumielen.fi\/koiramme\/kaisla\/\" target=\"_blank\" rel=\"noreferrer noopener\">Kaisla<\/a> ja <a href=\"https:\/\/www.riemumielen.fi\/koiramme\/vappu\/\" target=\"_blank\" rel=\"noreferrer noopener\">Vappu<\/a>. Oli j\u00e4nnitt\u00e4v\u00e4\u00e4 n\u00e4hd\u00e4, miten y\u00f6n yli kest\u00e4v\u00e4 reissu sujuisi viiden collien kanssa.<\/p>\n\n\n\n<figure class=\"wp-block-image size-full\"><img loading=\"lazy\" decoding=\"async\" width=\"900\" height=\"600\" src=\"https:\/\/www.riemumielen.fi\/wp-content\/uploads\/2021\/09\/Repovesi-10.jpg\" alt=\"Collielauma Repoveden kansallispuistossa.\" class=\"wp-image-7876\" srcset=\"https:\/\/www.riemumielen.fi\/wp-content\/uploads\/2021\/09\/Repovesi-10.jpg 900w, https:\/\/www.riemumielen.fi\/wp-content\/uploads\/2021\/09\/Repovesi-10-300x200.jpg 300w, https:\/\/www.riemumielen.fi\/wp-content\/uploads\/2021\/09\/Repovesi-10-768x512.jpg 768w, https:\/\/www.riemumielen.fi\/wp-content\/uploads\/2021\/09\/Repovesi-10-750x500.jpg 750w, https:\/\/www.riemumielen.fi\/wp-content\/uploads\/2021\/09\/Repovesi-10-174x116.jpg 174w\" sizes=\"auto, (max-width: 900px) 100vw, 900px\" \/><figcaption>Repoveden tunnusel\u00e4in kettu tervehtii kansallispuistoon saapuvia portilla. Saavuimme Repovedelle sunnuntaiaamuna ja j\u00e4timme auton parkkiin Lapinsalmen pys\u00e4k\u00f6intialueelle. Aamu oli pilvinen, v\u00e4lill\u00e4 tihuutti vett\u00e4 ja l\u00e4mp\u00f6tila oli noin kahdeksan astetta. <\/figcaption><\/figure>\n\n\n\n<p>L\u00e4hdimme rinkat sel\u00e4ss\u00e4 matkaan kohti M\u00e4\u00e4kij\u00e4salmea. Rinkoissa oli mukana muun muassa kahden p\u00e4iv\u00e4n ruoat ihmisille ja koirille, makuupussit ja vaihtovaatteet. En pakannut mukaan koirien omaa reppua, koska ennakoin, ett\u00e4 koirien voisi olla hankala kulkea sen kanssa Repoveden maastossa. Niill\u00e4 oli varusteina Hurtan valjaat ja hihnat. Lis\u00e4ksi pakkasin rinkkaan mukaan koirien ensiapulaukun tassuhaavereiden ja muiden ongelmien varalta.<\/p>\n\n\n\n<h4 class=\"wp-block-heading\">M\u00e4\u00e4kij\u00e4nsalmen ylitys Ketunlossilla<\/h4>\n\n\n\n<p>Alkureitti Repovedell\u00e4 kulki Ketunlenkki\u00e4 pitkin vastap\u00e4iv\u00e4\u00e4n kohti M\u00e4\u00e4kij\u00e4\u00e4. Kapiaveden kohdalla oli vuorossa M\u00e4\u00e4kij\u00e4nniemen ylitys k\u00f6ysilossilla. J\u00e4nnitin etuk\u00e4teen aika paljon, miten lossiylitys onnistuu viiden pitk\u00e4karvaisen collien kanssa, mutta ylityksess\u00e4 ei ollut mit\u00e4\u00e4n ongelmia. Mahduimme koko porukka kerralla samaan lossiin. <\/p>\n\n\n\n<figure class=\"wp-block-image size-full\"><img loading=\"lazy\" decoding=\"async\" width=\"900\" height=\"600\" src=\"https:\/\/www.riemumielen.fi\/wp-content\/uploads\/2021\/09\/Repovesi-9.jpg\" alt=\"Colliet odottamassa lossikyyti\u00e4 Repoveden kansallispuistossa.\" class=\"wp-image-7877\" srcset=\"https:\/\/www.riemumielen.fi\/wp-content\/uploads\/2021\/09\/Repovesi-9.jpg 900w, https:\/\/www.riemumielen.fi\/wp-content\/uploads\/2021\/09\/Repovesi-9-300x200.jpg 300w, https:\/\/www.riemumielen.fi\/wp-content\/uploads\/2021\/09\/Repovesi-9-768x512.jpg 768w, https:\/\/www.riemumielen.fi\/wp-content\/uploads\/2021\/09\/Repovesi-9-750x500.jpg 750w, https:\/\/www.riemumielen.fi\/wp-content\/uploads\/2021\/09\/Repovesi-9-174x116.jpg 174w\" sizes=\"auto, (max-width: 900px) 100vw, 900px\" \/><figcaption>Pitk\u00e4karvaiset colliet Sansa ja Fiona odottavat lossikyyti\u00e4. 10,5-vuotiaalla Fionalla on kes\u00e4kampaus.<\/figcaption><\/figure>\n\n\n\n<figure class=\"wp-block-image size-full\"><img loading=\"lazy\" decoding=\"async\" width=\"900\" height=\"600\" src=\"https:\/\/www.riemumielen.fi\/wp-content\/uploads\/2021\/09\/Repovesi-8.jpg\" alt=\"Lossiylitys Repoveden kansallispuistossa.\" class=\"wp-image-7878\" srcset=\"https:\/\/www.riemumielen.fi\/wp-content\/uploads\/2021\/09\/Repovesi-8.jpg 900w, https:\/\/www.riemumielen.fi\/wp-content\/uploads\/2021\/09\/Repovesi-8-300x200.jpg 300w, https:\/\/www.riemumielen.fi\/wp-content\/uploads\/2021\/09\/Repovesi-8-768x512.jpg 768w, https:\/\/www.riemumielen.fi\/wp-content\/uploads\/2021\/09\/Repovesi-8-750x500.jpg 750w, https:\/\/www.riemumielen.fi\/wp-content\/uploads\/2021\/09\/Repovesi-8-174x116.jpg 174w\" sizes=\"auto, (max-width: 900px) 100vw, 900px\" \/><figcaption>Valmiina ylitykseen. Pitk\u00e4karvaiset colliet olivat lossiylityksen aikana rauhallisia ja olin niiden j\u00e4rkev\u00e4st\u00e4 k\u00e4yt\u00f6ksest\u00e4 tosi ylpe\u00e4. Ei mink\u00e4\u00e4nlaista turhaa riehumista eik\u00e4 panikointia. Koirista Sansa ja Kaisla ovatkin jo ennest\u00e4\u00e4n tottuneita lossink\u00e4ytt\u00e4ji\u00e4 Teijon kansallispuistossa k\u00e4ynnin j\u00e4lkeen.<\/figcaption><\/figure>\n\n\n\n<h4 class=\"wp-block-heading\">Kunnostettu entis\u00f6ity Kuutinkanava <\/h4>\n\n\n\n<p>K\u00f6ysilossiylityksen j\u00e4lkeen pidimme lyhyen teetauon M\u00e4\u00e4kij\u00e4n taukopaikalla, jossa tulipaikalla paloi tuli jo valmiiksi ja siell\u00e4 oli lis\u00e4ksemme pari retkeilij\u00e4porukkaa. Yksi isompi retkiseurue oli edelleen aika huterassa kunnossa edellisillan j\u00e4ljilt\u00e4. Teehetken j\u00e4lkeen jatkoimme kohti Talaksen taukopaikkaa Kaakkurinkierrosta pitkin ja sielt\u00e4 edelleen Kuutinkanavalle Koppelonkierrosta pitkin. <\/p>\n\n\n\n<figure class=\"wp-block-image size-full\"><img loading=\"lazy\" decoding=\"async\" width=\"900\" height=\"600\" src=\"https:\/\/www.riemumielen.fi\/wp-content\/uploads\/2021\/09\/DSC_1243-j.jpg\" alt=\"Colliet Kuuntinkanavan uittor\u00e4nnin \u00e4\u00e4ress\u00e4 Repoveden kansallispuistossa.\" class=\"wp-image-8058\" srcset=\"https:\/\/www.riemumielen.fi\/wp-content\/uploads\/2021\/09\/DSC_1243-j.jpg 900w, https:\/\/www.riemumielen.fi\/wp-content\/uploads\/2021\/09\/DSC_1243-j-300x200.jpg 300w, https:\/\/www.riemumielen.fi\/wp-content\/uploads\/2021\/09\/DSC_1243-j-768x512.jpg 768w, https:\/\/www.riemumielen.fi\/wp-content\/uploads\/2021\/09\/DSC_1243-j-750x500.jpg 750w, https:\/\/www.riemumielen.fi\/wp-content\/uploads\/2021\/09\/DSC_1243-j-174x116.jpg 174w\" sizes=\"auto, (max-width: 900px) 100vw, 900px\" \/><figcaption>Collietyt\u00f6t poseeraamassa Kuutinkanavan uittor\u00e4nnin \u00e4\u00e4ress\u00e4. Kunnostettu ja entis\u00f6ity Kuutinkanava on yksi Repoveden tunnetuimmista n\u00e4ht\u00e4vyyksist\u00e4. Kanavan pituus on 270 metri\u00e4.<\/figcaption><\/figure>\n\n\n\n<figure class=\"wp-block-image size-full\"><img loading=\"lazy\" decoding=\"async\" width=\"900\" height=\"600\" src=\"https:\/\/www.riemumielen.fi\/wp-content\/uploads\/2021\/09\/Repovesi-6.jpg\" alt=\"\" class=\"wp-image-7879\" srcset=\"https:\/\/www.riemumielen.fi\/wp-content\/uploads\/2021\/09\/Repovesi-6.jpg 900w, https:\/\/www.riemumielen.fi\/wp-content\/uploads\/2021\/09\/Repovesi-6-300x200.jpg 300w, https:\/\/www.riemumielen.fi\/wp-content\/uploads\/2021\/09\/Repovesi-6-768x512.jpg 768w, https:\/\/www.riemumielen.fi\/wp-content\/uploads\/2021\/09\/Repovesi-6-750x500.jpg 750w, https:\/\/www.riemumielen.fi\/wp-content\/uploads\/2021\/09\/Repovesi-6-174x116.jpg 174w\" sizes=\"auto, (max-width: 900px) 100vw, 900px\" \/><figcaption>Kuutinkanavalta jatkoimme Kaakkurinkierrosta pitkin kohti seuraavaa etappia, yhdeksi y\u00f6ksi vuokrattua y\u00f6pymistupaamme Kuutink\u00e4mpp\u00e4\u00e4. Reittimerkint\u00e4n\u00e4 oli oranssit maalit\u00e4pl\u00e4t puissa. T\u00e4ll\u00e4 reittiosuudella ei tullut en\u00e4\u00e4 vastaan muita retkeilij\u00f6it\u00e4. Olisikohan sateinen s\u00e4\u00e4 verottanut kansallispuistossak\u00e4vij\u00f6it\u00e4?<\/figcaption><\/figure>\n\n\n\n<h4 class=\"wp-block-heading\">Jyrkki\u00e4 nousuja ja huimia korkeuseroja<\/h4>\n\n\n\n<p>Koppelonkierroksen ja Kaakkurinkierroksen reitti n\u00e4ytti kartalla helpolta ja kohtalaisen lyhyelt\u00e4, mutta todellisuudessa molempiin sis\u00e4ltyi huimia korkeuseroja ja haastavaa maastoa. Kokonaisuudessaan ensimm\u00e4isen p\u00e4iv\u00e4n matkaan meni taukoineen noin kolme tuntia. Etenimme vanhimman pitk\u00e4karvaisen colliemme eli 10,5-vuotiaan Fionan tahdilla, joka oli yll\u00e4tt\u00e4v\u00e4n reipas. Se eteni p\u00e4\u00e4tt\u00e4v\u00e4isesti molempina p\u00e4ivin\u00e4 ja veti meit\u00e4 taluttajia per\u00e4ss\u00e4\u00e4n. Pidimme matkan varrella runsaasti lyhyit\u00e4 taukoja ja colliet saivat juoda vett\u00e4 aina kun halusivat, v\u00e4lill\u00e4 suoraan j\u00e4rvest\u00e4 ja mets\u00e4puroista.<\/p>\n\n\n\n<figure class=\"wp-block-image size-full\"><img loading=\"lazy\" decoding=\"async\" width=\"900\" height=\"600\" src=\"https:\/\/www.riemumielen.fi\/wp-content\/uploads\/2021\/09\/Repovesi-5.jpg\" alt=\"\" class=\"wp-image-7881\" srcset=\"https:\/\/www.riemumielen.fi\/wp-content\/uploads\/2021\/09\/Repovesi-5.jpg 900w, https:\/\/www.riemumielen.fi\/wp-content\/uploads\/2021\/09\/Repovesi-5-300x200.jpg 300w, https:\/\/www.riemumielen.fi\/wp-content\/uploads\/2021\/09\/Repovesi-5-768x512.jpg 768w, https:\/\/www.riemumielen.fi\/wp-content\/uploads\/2021\/09\/Repovesi-5-750x500.jpg 750w, https:\/\/www.riemumielen.fi\/wp-content\/uploads\/2021\/09\/Repovesi-5-174x116.jpg 174w\" sizes=\"auto, (max-width: 900px) 100vw, 900px\" \/><figcaption>Osa Repovedell\u00e4 vastaan tulleista nousuista oli niin jyrkki\u00e4, ett\u00e4 kulkiessa piti ottaa tukea metallikaiteesta ja varoa liukkaita kivi\u00e4 ja juuria. Reitill\u00e4 ei ollut juurikaan portaita hankalissakaan nousuissa ja maasto oli l\u00e4hes poikkeuksetta kivikkoista ja kallioista. Vaativa maasto vei kilometri\u00e4 kohden selv\u00e4sti tavallista enemm\u00e4n aikaa ja energiaa.<\/figcaption><\/figure>\n\n\n\n<figure class=\"wp-block-image size-full\"><img loading=\"lazy\" decoding=\"async\" width=\"900\" height=\"600\" src=\"https:\/\/www.riemumielen.fi\/wp-content\/uploads\/2021\/09\/Repovesi-2.jpg\" alt=\"\" class=\"wp-image-7882\" srcset=\"https:\/\/www.riemumielen.fi\/wp-content\/uploads\/2021\/09\/Repovesi-2.jpg 900w, https:\/\/www.riemumielen.fi\/wp-content\/uploads\/2021\/09\/Repovesi-2-300x200.jpg 300w, https:\/\/www.riemumielen.fi\/wp-content\/uploads\/2021\/09\/Repovesi-2-768x512.jpg 768w, https:\/\/www.riemumielen.fi\/wp-content\/uploads\/2021\/09\/Repovesi-2-750x500.jpg 750w, https:\/\/www.riemumielen.fi\/wp-content\/uploads\/2021\/09\/Repovesi-2-174x116.jpg 174w\" sizes=\"auto, (max-width: 900px) 100vw, 900px\" \/><figcaption>Mustalamminvuori j\u00e4i oikealle puolelle, kun kuljimme kohti ensimm\u00e4isen p\u00e4iv\u00e4n m\u00e4\u00e4r\u00e4np\u00e4\u00e4t\u00e4, Kuutink\u00e4mpp\u00e4\u00e4.<\/figcaption><\/figure>\n\n\n\n<figure class=\"wp-block-image size-full\"><img loading=\"lazy\" decoding=\"async\" width=\"900\" height=\"600\" src=\"https:\/\/www.riemumielen.fi\/wp-content\/uploads\/2021\/09\/Repovesi-4.jpg\" alt=\"Repoveden Mustalamminvuodenranta ja Riemu collie.\" class=\"wp-image-7883\" srcset=\"https:\/\/www.riemumielen.fi\/wp-content\/uploads\/2021\/09\/Repovesi-4.jpg 900w, https:\/\/www.riemumielen.fi\/wp-content\/uploads\/2021\/09\/Repovesi-4-300x200.jpg 300w, https:\/\/www.riemumielen.fi\/wp-content\/uploads\/2021\/09\/Repovesi-4-768x512.jpg 768w, https:\/\/www.riemumielen.fi\/wp-content\/uploads\/2021\/09\/Repovesi-4-750x500.jpg 750w, https:\/\/www.riemumielen.fi\/wp-content\/uploads\/2021\/09\/Repovesi-4-174x116.jpg 174w\" sizes=\"auto, (max-width: 900px) 100vw, 900px\" \/><figcaption>Riemu-collie ja tyypillinen kivinen p\u00e4tk\u00e4 reitilt\u00e4. Mustalamminvuorenranta ei todellakaan ollut paras maasto kulkea rinkka sel\u00e4ss\u00e4 ja useaa keskikokoista koiraa taluttaen. Kulkiessa oli pakko katsoa melkein joka askelmalla alas kenkiin, jottei kompastunut ter\u00e4viin kivenmurikoihin. Olin v\u00e4h\u00e4ll\u00e4 menn\u00e4 nurin aina, jos katse v\u00e4h\u00e4nk\u00e4\u00e4n herpaantui maisemia ihailemaan. Repoveden maasto on haastavimpia kansallispuistomaastoja, joissa olen t\u00e4h\u00e4n menness\u00e4 kulkenut.<\/figcaption><\/figure>\n\n\n\n<h4 class=\"wp-block-heading\">Yksi y\u00f6 Kuutink\u00e4mp\u00e4ss\u00e4<\/h4>\n\n\n\n<p>Vihdoin noin kahdeksan kilometrin vaativan taivalluksen ja raskaiden nousujen j\u00e4lkeen edess\u00e4 h\u00e4\u00e4m\u00f6tti varaustupamme <a rel=\"noreferrer noopener\" href=\"https:\/\/tervarumpu.fi\/fi_FI\/repoveden-talvi\/kuutinkamppa#\" target=\"_blank\">Kuutink\u00e4mpp\u00e4<\/a>, jonka olimme vuokranneet yhdeksi y\u00f6ksi. Maksoin k\u00e4mp\u00e4st\u00e4 vuokraa 118 euroa y\u00f6lt\u00e4 ja sen vuokrausta hoitaa <a rel=\"noreferrer noopener\" href=\"https:\/\/tervarumpu.fi\/fi_FI\/meista\" target=\"_blank\">Tervarumpu<\/a>. Aivan j\u00e4rven rannassa sijaitseva k\u00e4mpp\u00e4 jakaantuu kolmeen osaan eli eteiseen, saunaan ja tupaan. Sen vieress\u00e4 on puuliiteri ja kuivak\u00e4ym\u00e4l\u00e4. Kuutink\u00e4mp\u00e4ss\u00e4 ei ole s\u00e4hk\u00f6\u00e4 eik\u00e4 perusl\u00e4mp\u00f6\u00e4 ja siell\u00e4 saa majoittua siistien koirien kanssa.<\/p>\n\n\n\n<figure class=\"wp-block-image size-full is-resized\"><img loading=\"lazy\" decoding=\"async\" src=\"https:\/\/www.riemumielen.fi\/wp-content\/uploads\/2021\/09\/Repovesi-1.jpg\" alt=\"\" class=\"wp-image-7884\" width=\"840\" height=\"560\" srcset=\"https:\/\/www.riemumielen.fi\/wp-content\/uploads\/2021\/09\/Repovesi-1.jpg 900w, https:\/\/www.riemumielen.fi\/wp-content\/uploads\/2021\/09\/Repovesi-1-300x200.jpg 300w, https:\/\/www.riemumielen.fi\/wp-content\/uploads\/2021\/09\/Repovesi-1-768x512.jpg 768w, https:\/\/www.riemumielen.fi\/wp-content\/uploads\/2021\/09\/Repovesi-1-750x500.jpg 750w, https:\/\/www.riemumielen.fi\/wp-content\/uploads\/2021\/09\/Repovesi-1-174x116.jpg 174w\" sizes=\"auto, (max-width: 840px) 100vw, 840px\" \/><figcaption>Luonnon helmassa sijaitseva varaustupa Kuutink\u00e4mpp\u00e4 oli syyskuiselle y\u00f6n yli reissulle loistava majoitusvaihtoehto.<\/figcaption><\/figure>\n\n\n\n<figure class=\"wp-block-image size-full\"><img loading=\"lazy\" decoding=\"async\" width=\"900\" height=\"675\" src=\"https:\/\/www.riemumielen.fi\/wp-content\/uploads\/2021\/09\/Repovesi-13.jpg\" alt=\"\" class=\"wp-image-7885\" srcset=\"https:\/\/www.riemumielen.fi\/wp-content\/uploads\/2021\/09\/Repovesi-13.jpg 900w, https:\/\/www.riemumielen.fi\/wp-content\/uploads\/2021\/09\/Repovesi-13-300x225.jpg 300w, https:\/\/www.riemumielen.fi\/wp-content\/uploads\/2021\/09\/Repovesi-13-768x576.jpg 768w, https:\/\/www.riemumielen.fi\/wp-content\/uploads\/2021\/09\/Repovesi-13-155x116.jpg 155w\" sizes=\"auto, (max-width: 900px) 100vw, 900px\" \/><figcaption>Collietyt\u00f6t Riemu, Sansa, Kaisla, Vappu ja Fiona Kuutink\u00e4mp\u00e4ll\u00e4. T\u00e4\u00e4ll\u00e4 siistit koirat ovat onneksi sallittuja vierailijoita. Ja totta kai siivosimme k\u00e4mp\u00e4n aivan erityisen tarkasti koirien j\u00e4ljilt\u00e4 ennen poisl\u00e4ht\u00f6\u00e4.<\/figcaption><\/figure>\n\n\n\n<figure class=\"wp-block-image size-full\"><img loading=\"lazy\" decoding=\"async\" width=\"900\" height=\"600\" src=\"https:\/\/www.riemumielen.fi\/wp-content\/uploads\/2021\/09\/Repovesi-17.jpg\" alt=\"\" class=\"wp-image-7888\" srcset=\"https:\/\/www.riemumielen.fi\/wp-content\/uploads\/2021\/09\/Repovesi-17.jpg 900w, https:\/\/www.riemumielen.fi\/wp-content\/uploads\/2021\/09\/Repovesi-17-300x200.jpg 300w, https:\/\/www.riemumielen.fi\/wp-content\/uploads\/2021\/09\/Repovesi-17-768x512.jpg 768w, https:\/\/www.riemumielen.fi\/wp-content\/uploads\/2021\/09\/Repovesi-17-750x500.jpg 750w, https:\/\/www.riemumielen.fi\/wp-content\/uploads\/2021\/09\/Repovesi-17-174x116.jpg 174w\" sizes=\"auto, (max-width: 900px) 100vw, 900px\" \/><figcaption>Kun saavuimme k\u00e4mp\u00e4lle, laitoin ensit\u00f6ikseni k\u00e4mp\u00e4n kiertoilmatakkaan ja saunaan tulet. K\u00e4mp\u00e4n rantaan p\u00e4\u00e4si kulkemaan t\u00e4t\u00e4 kivist\u00e4 m\u00e4ke\u00e4 alas. K\u00e4vin saunan j\u00e4lkeen pari kertaa uimassa Repovedess\u00e4, vaikka rannasta oli melkoisen hankalaa menn\u00e4 uimaan. Rannassa on kanoottilaituri, mutta ei varsinaista uimaan menolle sopivaa laituria. Laiturin sivusta p\u00e4\u00e4si kuitenkin uimaan ja j\u00e4rvivesi oli ihanan virkist\u00e4v\u00e4\u00e4.<\/figcaption><\/figure>\n\n\n\n<figure class=\"wp-block-image size-full\"><img loading=\"lazy\" decoding=\"async\" width=\"900\" height=\"597\" src=\"https:\/\/www.riemumielen.fi\/wp-content\/uploads\/2021\/09\/Repovesi-16.jpg\" alt=\"\" class=\"wp-image-7886\" srcset=\"https:\/\/www.riemumielen.fi\/wp-content\/uploads\/2021\/09\/Repovesi-16.jpg 900w, https:\/\/www.riemumielen.fi\/wp-content\/uploads\/2021\/09\/Repovesi-16-300x199.jpg 300w, https:\/\/www.riemumielen.fi\/wp-content\/uploads\/2021\/09\/Repovesi-16-768x509.jpg 768w, https:\/\/www.riemumielen.fi\/wp-content\/uploads\/2021\/09\/Repovesi-16-175x116.jpg 175w\" sizes=\"auto, (max-width: 900px) 100vw, 900px\" \/><figcaption>Kuutink\u00e4mpp\u00e4 on s\u00e4hk\u00f6t\u00f6n piilopirtti, jossa saa varmasti olla kaikessa rauhassa satunnaisia ohikulkijoita lukuun ottamatta. K\u00e4mp\u00e4n kiertoilmatakka oli yll\u00e4tt\u00e4v\u00e4n tehokas ja onnistuin l\u00e4mmitt\u00e4m\u00e4\u00e4n k\u00e4mp\u00e4n jopa tukalan kuumaksi. Meid\u00e4n porukalle k\u00e4mpp\u00e4 oli juuri sopivan kokoinen ja siell\u00e4 mahtuisikin y\u00f6pym\u00e4\u00e4n kuusi henkil\u00f6\u00e4. S\u00f6imme illalla runsaat matkaev\u00e4\u00e4t ja colliet saivat paistamatta j\u00e4\u00e4neet grillimakkarat.<\/figcaption><\/figure>\n\n\n\n<figure class=\"wp-block-image size-full\"><img loading=\"lazy\" decoding=\"async\" width=\"900\" height=\"675\" src=\"https:\/\/www.riemumielen.fi\/wp-content\/uploads\/2021\/09\/Repovesi-12.jpg\" alt=\"\" class=\"wp-image-7887\" srcset=\"https:\/\/www.riemumielen.fi\/wp-content\/uploads\/2021\/09\/Repovesi-12.jpg 900w, https:\/\/www.riemumielen.fi\/wp-content\/uploads\/2021\/09\/Repovesi-12-300x225.jpg 300w, https:\/\/www.riemumielen.fi\/wp-content\/uploads\/2021\/09\/Repovesi-12-768x576.jpg 768w, https:\/\/www.riemumielen.fi\/wp-content\/uploads\/2021\/09\/Repovesi-12-155x116.jpg 155w\" sizes=\"auto, (max-width: 900px) 100vw, 900px\" \/><figcaption>Collieistamme vanhimmat eli 10,5-vuotias Fiona ja 9,5-vuotias Riemu olivat v\u00e4syneit\u00e4 ensimm\u00e4isen p\u00e4iv\u00e4n retkeilyn j\u00e4lkeen ja nukahtivat l\u00e4mpim\u00e4ss\u00e4 k\u00e4mp\u00e4ss\u00e4 melkein heti. Kaikki colliet osasivat rauhoittua k\u00e4mpp\u00e4\u00e4n ja nukkuivat koko y\u00f6n rauhallisesti. Arvostan todellakin t\u00e4t\u00e4 ominaisuutta koirissa. Pidemmiss\u00e4 retkiss\u00e4 pit\u00e4\u00e4 aina huomioida erityisesti koirien ja varsinkin porukan vanhimpien jaksaminen.<\/figcaption><\/figure>\n\n\n\n<h4 class=\"wp-block-heading\">Paluumatka Katajaj\u00e4rven ohi<\/h4>\n\n\n\n<p>Nukuimme yhden y\u00f6n mukavasti Kuutink\u00e4mp\u00e4ss\u00e4 ja seuraavana aamuna oli taas aika jatkaa matkaa aamupuuron ja k\u00e4mp\u00e4n perusteellisen siivouksen j\u00e4lkeen. Suuntasimme kahdeksan aikaan aamulla takaisin kohti Kuutinkanavaa ja sielt\u00e4 edelleen kohti Katajavuorta. Ohitimme paluumatkalla Katajaj\u00e4rven, josta suuntasimme Ketunlenkki\u00e4 pitkin kohti Lapinsalmea. Aamu oli pilvinen ja kuljimme koko paluumatkan noin kuusi kilometri\u00e4 ajoittaisessa tihkusateessa ilman pidempi\u00e4 taukoja. Alkuosuuden j\u00e4lkeen reitti muuttui helppokulkuisemmaksi.<\/p>\n\n\n\n<figure class=\"wp-block-image size-full\"><img loading=\"lazy\" decoding=\"async\" width=\"900\" height=\"600\" src=\"https:\/\/www.riemumielen.fi\/wp-content\/uploads\/2021\/09\/Repovesi-3.jpg\" alt=\"\" class=\"wp-image-7889\" srcset=\"https:\/\/www.riemumielen.fi\/wp-content\/uploads\/2021\/09\/Repovesi-3.jpg 900w, https:\/\/www.riemumielen.fi\/wp-content\/uploads\/2021\/09\/Repovesi-3-300x200.jpg 300w, https:\/\/www.riemumielen.fi\/wp-content\/uploads\/2021\/09\/Repovesi-3-768x512.jpg 768w, https:\/\/www.riemumielen.fi\/wp-content\/uploads\/2021\/09\/Repovesi-3-750x500.jpg 750w, https:\/\/www.riemumielen.fi\/wp-content\/uploads\/2021\/09\/Repovesi-3-174x116.jpg 174w\" sizes=\"auto, (max-width: 900px) 100vw, 900px\" \/><figcaption>Kuutinlahden kalliosortuma on yksi Repoveden erikoisuuksista. Kuutin taukopaikan kohdalta sai ihastella hienoja kallion\u00e4kymi\u00e4 aamu-usvassa.<\/figcaption><\/figure>\n\n\n\n<figure class=\"wp-block-image size-full\"><img loading=\"lazy\" decoding=\"async\" width=\"900\" height=\"600\" src=\"https:\/\/www.riemumielen.fi\/wp-content\/uploads\/2021\/09\/DSC_1250.jpg\" alt=\"\" class=\"wp-image-7892\" srcset=\"https:\/\/www.riemumielen.fi\/wp-content\/uploads\/2021\/09\/DSC_1250.jpg 900w, https:\/\/www.riemumielen.fi\/wp-content\/uploads\/2021\/09\/DSC_1250-300x200.jpg 300w, https:\/\/www.riemumielen.fi\/wp-content\/uploads\/2021\/09\/DSC_1250-768x512.jpg 768w, https:\/\/www.riemumielen.fi\/wp-content\/uploads\/2021\/09\/DSC_1250-750x500.jpg 750w, https:\/\/www.riemumielen.fi\/wp-content\/uploads\/2021\/09\/DSC_1250-174x116.jpg 174w\" sizes=\"auto, (max-width: 900px) 100vw, 900px\" \/><figcaption>Korkeat kallionsein\u00e4m\u00e4t antavat Repovedelle omaleimaisen ilmeen. Repoveden mets\u00e4t olivat t\u00e4ynn\u00e4 vehreit\u00e4 sammalm\u00e4tt\u00e4it\u00e4 ja maastossa oli paljon korkeuseroja.<\/figcaption><\/figure>\n\n\n\n<h4 class=\"wp-block-heading\">Lapinsalmen sillan ylitys<\/h4>\n\n\n\n<p>Askel alkoi jo painaa loppua kohti, vaelluskeng\u00e4t hankasivat ja taivaalta satoi koko ajan runsaammin vett\u00e4. Keltainen Rukan sadetakkini oli jo luovuttanut ja p\u00e4\u00e4sti veden l\u00e4pi saumoista. Collieistakin alkoi jo olla puhti poissa. Olimme kulkeneet ensimm\u00e4isen\u00e4 p\u00e4iv\u00e4n\u00e4 noin kahdeksan ja toisena p\u00e4iv\u00e4n\u00e4 l\u00e4hes kuusi kilometri\u00e4 haastavassa maastossa. Lopulta meit\u00e4 odotti puunlatvojen takana onnellinen n\u00e4ky, Lapinsalmen uusi silta, jonka j\u00e4lkeen Lapinsalmen pys\u00e4k\u00f6intialueelle oli matkaa en\u00e4\u00e4 alle kilometri. <\/p>\n\n\n\n<figure class=\"wp-block-image size-full\"><img loading=\"lazy\" decoding=\"async\" width=\"900\" height=\"600\" src=\"https:\/\/www.riemumielen.fi\/wp-content\/uploads\/2021\/09\/DSC_1278-j.jpg\" alt=\"Collietyt\u00f6t Repoveden kansallispuiston Lapinsalmen sillalla.\" class=\"wp-image-8059\" srcset=\"https:\/\/www.riemumielen.fi\/wp-content\/uploads\/2021\/09\/DSC_1278-j.jpg 900w, https:\/\/www.riemumielen.fi\/wp-content\/uploads\/2021\/09\/DSC_1278-j-300x200.jpg 300w, https:\/\/www.riemumielen.fi\/wp-content\/uploads\/2021\/09\/DSC_1278-j-768x512.jpg 768w, https:\/\/www.riemumielen.fi\/wp-content\/uploads\/2021\/09\/DSC_1278-j-750x500.jpg 750w, https:\/\/www.riemumielen.fi\/wp-content\/uploads\/2021\/09\/DSC_1278-j-174x116.jpg 174w\" sizes=\"auto, (max-width: 900px) 100vw, 900px\" \/><figcaption>Uusi Repoveden Lapinsalmen&nbsp;silta ylitt\u00e4\u00e4 Kapiaveden kahdentoista metrin korkeudessa. Pituutta sill\u00e4 on 55 metri\u00e4 ja leveytt\u00e4 150 senttimetri\u00e4. Silta on tukevarakenteinen, tasainen ja j\u00e4ykk\u00e4 eik\u00e4 siin\u00e4 ole ylitysrajoituksia. Vanhaa pari vuotta sitten romahtanutta siltaa en koskaan ehtinyt n\u00e4kem\u00e4\u00e4n enk\u00e4 ylitt\u00e4m\u00e4\u00e4n.<\/figcaption><\/figure>\n\n\n\n<figure class=\"wp-block-image size-full\"><img loading=\"lazy\" decoding=\"async\" width=\"900\" height=\"675\" src=\"https:\/\/www.riemumielen.fi\/wp-content\/uploads\/2021\/09\/Repovesi-11.jpg\" alt=\"\" class=\"wp-image-7891\" srcset=\"https:\/\/www.riemumielen.fi\/wp-content\/uploads\/2021\/09\/Repovesi-11.jpg 900w, https:\/\/www.riemumielen.fi\/wp-content\/uploads\/2021\/09\/Repovesi-11-300x225.jpg 300w, https:\/\/www.riemumielen.fi\/wp-content\/uploads\/2021\/09\/Repovesi-11-768x576.jpg 768w, https:\/\/www.riemumielen.fi\/wp-content\/uploads\/2021\/09\/Repovesi-11-155x116.jpg 155w\" sizes=\"auto, (max-width: 900px) 100vw, 900px\" \/><figcaption>L\u00e4pikotaisin kastuneet, mutta edelleen iloiset Repoveden k\u00e4vij\u00e4t Lapinsalmen sillalla. Kuvassa mieheni Jussi ja colliet Vappu, Riemu ja Kaisla. T\u00e4st\u00e4 oli en\u00e4\u00e4 lyhyt matka kohti parkkipaikkaa, josta suunnattiin auton nokka takaisin kohti Keravaa ja kotia. <\/figcaption><\/figure>\n\n\n\n<p>Olen positiivisesti yll\u00e4ttynyt siit\u00e4, miten hyvin Repoveden kansallispuistoreissu kokonaisuudessaan onnistui viiden eri-ik\u00e4isen pitk\u00e4karvaisen collien kanssa, joista pari on jo seniori-i\u00e4ss\u00e4, haastavasta maastosta ja sades\u00e4\u00e4st\u00e4 huolimatta. Suuri koiram\u00e4\u00e4r\u00e4 ei juurikaan rajoittanut retke\u00e4mme vaan pystyimme esimerkiksi ylitt\u00e4m\u00e4\u00e4n M\u00e4\u00e4kij\u00e4nsalmen k\u00f6ysilossilla ja nauttimaan muutenkin reissusta t\u00e4ysill\u00e4. Seuraavat pidemm\u00e4t retket aion kuitenkin tehd\u00e4 pienemm\u00e4n koiralauman kanssa, koska isompi koiram\u00e4\u00e4r\u00e4 tuo aina matkalle mukaan omat haasteensa.<\/p>\n\n\n\n<h4 class=\"wp-block-heading\">Vaellusaiheet Riemumielen blogissa<\/h4>\n\n\n\n<p>Olet varmasti huomannut, ett\u00e4 olen innostunut viime aikoina kirjoittamaan useita retkeilyaiheisia juttuja blogiini eri kansallispuistoista ja muista retkikohteista. Niit\u00e4 on hauska kirjoittaa ja samalla voin palata kirjoittamisen ja valokuvien kautta n\u00e4iden reissujen muistoihin. Tuon aina mielell\u00e4ni esille t\u00e4t\u00e4kin puolta pitk\u00e4karvaisista collieista eli sit\u00e4, ett\u00e4 ne ovat yleens\u00e4 monessa mukana olevia reippaita retkikavereita. T\u00e4m\u00e4 koskee niit\u00e4kin collieita, joiden kanssa ei harrasteta aktiivisesti varsinaisia koiraharrastuslajeja.<\/p>\n\n\n\n<p>T\u00e4m\u00e4 hieman pidempi kertomus oli nyt todenn\u00e4k\u00f6isesti t\u00e4m\u00e4n vuoden viimeisi\u00e4 vaellusaiheisia blogijuttuja ja jatkan t\u00e4st\u00e4 muiden colliemaisten aiheiden parissa. Olisi mielenkiintoista kuulla n\u00e4ist\u00e4 jutuista kommentteja.  <\/p>\n\n\n\n<p>Voit lukea lis\u00e4\u00e4 aiempia vaellusaiheisia blogijuttuja kategoriasta <a href=\"https:\/\/www.riemumielen.fi\/category\/vaellus\/\" target=\"_blank\" rel=\"noreferrer noopener\">Vaellus<\/a><\/p>\n\n\n\n<p>Viime vuonna 2020 meid\u00e4n y\u00f6n yli kest\u00e4v\u00e4n retken kohde oli Teijon kansallispuisto ja voit lukea tuosta reissusta lis\u00e4\u00e4 t\u00e4\u00e4lt\u00e4: <a href=\"https:\/\/www.riemumielen.fi\/vaellus\/collieiden-kanssa-teijon-kansallispuistossa\/\" target=\"_blank\" rel=\"noreferrer noopener\">Collieiden kanssa Teijon kansallispuistossa<\/a>.<\/p>\n","protected":false},"excerpt":{"rendered":"<p>Syyskuun puoliv\u00e4liss\u00e4 oli taas aika seuraavalle pidemm\u00e4lle kansallispuistoretkelle ja t\u00e4n\u00e4 vuonna kohteeksi valikoitui Repoveden kansallispuisto. Repovesi sijaitsee meilt\u00e4 katsottuna sopivasti parin tunnin ajomatkan p\u00e4\u00e4ss\u00e4 Kouvolan ja M\u00e4ntyharjun alueella ja se vaikutti mielenkiintoisen monipuoliselta ja meille uudelta kohteelta. Kuljimme kansallispuistossa yhteens\u00e4 14 kilometri\u00e4, johon kuului p\u00e4tk\u00e4t Ketunlenkki\u00e4, Koppelonkierrosta ja Kaakkurinkierrosta. Ensimm\u00e4isen\u00e4 p\u00e4iv\u00e4n\u00e4 kuljimme noin kahdeksan ja [&hellip;]<\/p>\n","protected":false},"author":1,"featured_media":7875,"comment_status":"open","ping_status":"open","sticky":false,"template":"","format":"standard","meta":{"_exactmetrics_skip_tracking":false,"_exactmetrics_sitenote_active":false,"_exactmetrics_sitenote_note":"","_exactmetrics_sitenote_category":0,"footnotes":""},"categories":[307],"tags":[256,746,309,526,937,545,127,1111,935,936],"class_list":["post-7873","post","type-post","status-publish","format-standard","has-post-thumbnail","hentry","category-vaellus","tag-collie","tag-collieblogi","tag-kansallispuisto","tag-koirablogi","tag-koiravaellus","tag-patikointi","tag-pitkakarvainen-collie","tag-repovesi","tag-vaellus","tag-vaellusretki"],"_links":{"self":[{"href":"https:\/\/www.riemumielen.fi\/en\/wp-json\/wp\/v2\/posts\/7873","targetHints":{"allow":["GET"]}}],"collection":[{"href":"https:\/\/www.riemumielen.fi\/en\/wp-json\/wp\/v2\/posts"}],"about":[{"href":"https:\/\/www.riemumielen.fi\/en\/wp-json\/wp\/v2\/types\/post"}],"author":[{"embeddable":true,"href":"https:\/\/www.riemumielen.fi\/en\/wp-json\/wp\/v2\/users\/1"}],"replies":[{"embeddable":true,"href":"https:\/\/www.riemumielen.fi\/en\/wp-json\/wp\/v2\/comments?post=7873"}],"version-history":[{"count":3,"href":"https:\/\/www.riemumielen.fi\/en\/wp-json\/wp\/v2\/posts\/7873\/revisions"}],"predecessor-version":[{"id":12635,"href":"https:\/\/www.riemumielen.fi\/en\/wp-json\/wp\/v2\/posts\/7873\/revisions\/12635"}],"wp:featuredmedia":[{"embeddable":true,"href":"https:\/\/www.riemumielen.fi\/en\/wp-json\/wp\/v2\/media\/7875"}],"wp:attachment":[{"href":"https:\/\/www.riemumielen.fi\/en\/wp-json\/wp\/v2\/media?parent=7873"}],"wp:term":[{"taxonomy":"category","embeddable":true,"href":"https:\/\/www.riemumielen.fi\/en\/wp-json\/wp\/v2\/categories?post=7873"},{"taxonomy":"post_tag","embeddable":true,"href":"https:\/\/www.riemumielen.fi\/en\/wp-json\/wp\/v2\/tags?post=7873"}],"curies":[{"name":"wp","href":"https:\/\/api.w.org\/{rel}","templated":true}]}}