{"id":3607,"date":"2020-09-18T06:28:58","date_gmt":"2020-09-18T03:28:58","guid":{"rendered":"https:\/\/www.riemumielen.fi\/?p=3607"},"modified":"2022-06-29T11:10:04","modified_gmt":"2022-06-29T08:10:04","slug":"collieiden-kanssa-teijon-kansallispuistossa","status":"publish","type":"post","link":"https:\/\/www.riemumielen.fi\/en\/vaellus\/collieiden-kanssa-teijon-kansallispuistossa\/","title":{"rendered":"Collieiden kanssa Teijon kansallispuistossa"},"content":{"rendered":"\n<p>Vietin syyskuun toisen viikonlopun perjantaista sunnuntaihin <a rel=\"noreferrer noopener\" href=\"https:\/\/www.luontoon.fi\/teijo\" target=\"_blank\">Teijon kansallispuistossa<\/a> ja <a href=\"https:\/\/goo.gl\/maps\/5PEjZPWKEY5m19Ga7\" target=\"_blank\" rel=\"noreferrer noopener\">Mathildedalin ruukkikyl\u00e4ss\u00e4<\/a>, jossa mukana vaellusretkell\u00e4 oli mieheni sek\u00e4 pitk\u00e4karvaiset colliet <a href=\"https:\/\/www.riemumielen.fi\/koiramme\/sansa\/\">Sansa<\/a> ja <a href=\"https:\/\/www.riemumielen.fi\/koiramme\/kaisla\/\">Kaisla<\/a>. <\/p>\n\n\n\n<p><a href=\"https:\/\/goo.gl\/maps\/Gjx9fKJaKWJJBwbU9\" rel=\"noreferrer noopener\" target=\"_blank\">Teijon kansallispuisto<\/a> sijaitsee Teijolla Salossa ja se on yksi uusimpia kansallispuistojamme. Vaelsimme siell\u00e4 <a href=\"#sahajarven-kierros\">Sahaj\u00e4rven kierroksen<\/a>, k\u00e4vimme <a href=\"#teerisaaren-laavu\">Teerisaaren laavulla<\/a> ja kuljimme l\u00e4pi <a href=\"#totin-luontopolku\">Totin luontopolun<\/a>. Juhlistimme reissulla samalla 9-vuotish\u00e4\u00e4p\u00e4iv\u00e4\u00e4mme. <\/p>\n\n\n\n<h4 class=\"wp-block-heading\">Y\u00f6n yli vaellusretki koirien kanssa<\/h4>\n\n\n\n<p>T\u00e4m\u00e4 oli meid\u00e4n ensimm\u00e4inen y\u00f6n yli vaellusretki, jossa y\u00f6vyimme yhden y\u00f6n maastossa teltassa kahden koiran kanssa. Teijon kansallispuisto on kohteena jo ennest\u00e4\u00e4n tuttu, koska olen retkeillyt siell\u00e4 muutaman kerran aikaisemmin. Aiemmilla retkill\u00e4 olen kiert\u00e4nyt Matildaj\u00e4rven kierroksen ja y\u00f6pynyt m\u00f6kiss\u00e4, mutta t\u00e4ll\u00e4 kertaa reitiksi valikoitui Sahaj\u00e4rven kierros, eik\u00e4 m\u00f6kkiy\u00f6pyminen ollut vaihtoehto.<\/p>\n\n\n\n<figure class=\"wp-block-image size-large\"><img loading=\"lazy\" decoding=\"async\" width=\"700\" height=\"881\" src=\"https:\/\/www.riemumielen.fi\/wp-content\/uploads\/2020\/09\/Teijo1.jpg\" alt=\"Pitk\u00e4karvaiset colliet Kaisla ja Sansa sek\u00e4 omistajat valmiina seikkailuun Teijon kansallispuistossa.\" class=\"wp-image-3680\" srcset=\"https:\/\/www.riemumielen.fi\/wp-content\/uploads\/2020\/09\/Teijo1.jpg 700w, https:\/\/www.riemumielen.fi\/wp-content\/uploads\/2020\/09\/Teijo1-238x300.jpg 238w, https:\/\/www.riemumielen.fi\/wp-content\/uploads\/2020\/09\/Teijo1-92x116.jpg 92w\" sizes=\"auto, (max-width: 700px) 100vw, 700px\" \/><figcaption>Pitk\u00e4karvaiset colliet Kaisla ja Sansa sek\u00e4 omistajat valmiina seikkailuun Teijon kansallispuistossa.<\/figcaption><\/figure>\n\n\n\n<p>Ajatus y\u00f6n yli vaellusretkest\u00e4 syntyi kev\u00e4\u00e4n ja kes\u00e4n aikana ja retken ajankohdaksi valikoitui syyskuun toinen viikonloppu, vuosip\u00e4iv\u00e4mme aikaan. Tein mieheni kanssa kes\u00e4ll\u00e4 p\u00e4iv\u00e4retken Kolin kansallispuistoon ja innostuimme ajatuksesta y\u00f6n yli vaellusretkest\u00e4 kansallispuistossa. Teltassa y\u00f6pyminen viiden collien kanssa olisi haastavaa, joten p\u00e4\u00e4timme ottaa mukaan vain Sansan ja Kaislan. Kolme muuta collieta eli <a href=\"https:\/\/www.riemumielen.fi\/koiramme\/fiona\/\">Fiona<\/a>, <a href=\"https:\/\/www.riemumielen.fi\/koiramme\/riemu\/\">Riemu<\/a> ja <a href=\"https:\/\/www.riemumielen.fi\/koiramme\/vappu\/\">Vappu<\/a> sek\u00e4 kissat j\u00e4iv\u00e4t kotiin hyv\u00e4\u00e4n hoitoon. <\/p>\n\n\n\n<figure class=\"wp-block-image size-large\"><img loading=\"lazy\" decoding=\"async\" width=\"700\" height=\"881\" src=\"https:\/\/www.riemumielen.fi\/wp-content\/uploads\/2020\/09\/Teijo_fin-1.png\" alt=\"Teijon kansallispuiston reittikartta luontoon.fi-sivustolta.\" class=\"wp-image-3708\" srcset=\"https:\/\/www.riemumielen.fi\/wp-content\/uploads\/2020\/09\/Teijo_fin-1.png 700w, https:\/\/www.riemumielen.fi\/wp-content\/uploads\/2020\/09\/Teijo_fin-1-238x300.png 238w, https:\/\/www.riemumielen.fi\/wp-content\/uploads\/2020\/09\/Teijo_fin-1-92x116.png 92w\" sizes=\"auto, (max-width: 700px) 100vw, 700px\" \/><figcaption>Teijon kansallispuiston reittikartta luontoon.fi-sivustolta.<\/figcaption><\/figure>\n\n\n\n<p>Mainitsen jo n\u00e4in alkuun, ett\u00e4 luonnonsuojelualueilla ja kansallispuistoissa on koiranomistajana t\u00e4rke\u00e4\u00e4 muistaa, ett\u00e4 koirat on pidett\u00e4v\u00e4 aina kytkettyn\u00e4. Otimme muutaman valokuvan koirista niin, ett\u00e4 ne olivat kytkettyin\u00e4 ja hihnat maassa, mutta muuten ne eiv\u00e4t olleet miss\u00e4\u00e4n vaiheessa vapaina.<\/p>\n\n\n\n<h4 class=\"wp-block-heading\" id=\"sahajarven-kierros\">Ensimm\u00e4isen\u00e4 p\u00e4iv\u00e4n\u00e4 Sahaj\u00e4rven kierros<\/h4>\n\n\n\n<p>Teijon kansallispuistossa on reittej\u00e4 noin 50 kilometri\u00e4 ja se on pinta-alaltaan noin 34 neli\u00f6kilometri\u00e4. Perjantaille osui kaunis aurinkoinen syyss\u00e4\u00e4 ja p\u00e4iv\u00e4l\u00e4mp\u00f6tila oli noin 15 astetta. Valitsimme ensimm\u00e4isen p\u00e4iv\u00e4n reitiksi Sahaj\u00e4rven kierroksen, joka on Teijon pisin rengasreitti. Se on 8,8 kilometrin pituinen ja tasoltaan keskivaativa kallioiden ja Sahaj\u00e4rven lossiylitysten vuoksi. Reittimerkint\u00e4n\u00e4 on oranssit puusalmiakit.<\/p>\n\n\n\n<figure class=\"wp-block-image size-large\"><img loading=\"lazy\" decoding=\"async\" width=\"700\" height=\"525\" src=\"https:\/\/www.riemumielen.fi\/wp-content\/uploads\/2020\/09\/Sansa.jpg\" alt=\"Sahaj\u00e4rven kierros on 8,8 kilometrin pituinen rengasreitti Teijon kansallispuistossa. Osa reitist\u00e4 kulkee pitkospuita pitkin.\" class=\"wp-image-3782\" srcset=\"https:\/\/www.riemumielen.fi\/wp-content\/uploads\/2020\/09\/Sansa.jpg 700w, https:\/\/www.riemumielen.fi\/wp-content\/uploads\/2020\/09\/Sansa-300x225.jpg 300w, https:\/\/www.riemumielen.fi\/wp-content\/uploads\/2020\/09\/Sansa-155x116.jpg 155w\" sizes=\"auto, (max-width: 700px) 100vw, 700px\" \/><figcaption>Sahaj\u00e4rven kierros on 8,8 kilometrin pituinen rengasreitti Teijon kansallispuistossa. Osa reitist\u00e4 kulkee pitkospuita pitkin.<\/figcaption><\/figure>\n\n\n\n<p>Aloitimme Sahaj\u00e4rven kierroksen perjantaina puolenp\u00e4iv\u00e4n aikaan Laviankallion parkkipaikalta ja l\u00e4hdimme kiert\u00e4m\u00e4\u00e4n reitti\u00e4 my\u00f6t\u00e4p\u00e4iv\u00e4\u00e4n. Reitin alkuun oli vaihtelevasti nousua, pitkospuita ja kaunista lehtomaisemaa. Osittain mets\u00e4 oli hieman pusikkoista. Kaisla kantoi ensimm\u00e4ist\u00e4 kertaa mukana koirareppua ja oli siit\u00e4 hetken alkuun h\u00e4mill\u00e4\u00e4n, mutta tottui reppuun nopeasti eik\u00e4 se h\u00e4irinnyt menoa mitenk\u00e4\u00e4n. <\/p>\n\n\n\n<figure class=\"wp-block-image size-large\"><img loading=\"lazy\" decoding=\"async\" width=\"700\" height=\"494\" src=\"https:\/\/www.riemumielen.fi\/wp-content\/uploads\/2020\/09\/Teijo7.jpg\" alt=\"Sahaj\u00e4rven kierroksen n\u00e4k\u00f6alakallioilla jylh\u00e4t maisemat palkitsevat retkeilij\u00e4n Teijon kansallispuistossa.\" class=\"wp-image-3696\" srcset=\"https:\/\/www.riemumielen.fi\/wp-content\/uploads\/2020\/09\/Teijo7.jpg 700w, https:\/\/www.riemumielen.fi\/wp-content\/uploads\/2020\/09\/Teijo7-300x212.jpg 300w, https:\/\/www.riemumielen.fi\/wp-content\/uploads\/2020\/09\/Teijo7-164x116.jpg 164w\" sizes=\"auto, (max-width: 700px) 100vw, 700px\" \/><figcaption>Sahaj\u00e4rven kierroksen n\u00e4k\u00f6alakallioilla jylh\u00e4t maisemat palkitsevat retkeilij\u00e4n.<\/figcaption><\/figure>\n\n\n\n<p>Seuraavaksi ohitimme Hamarinj\u00e4rven ja siit\u00e4 matka jatkui kohti n\u00e4k\u00f6alakallioiden jylhi\u00e4 maisemia. Jyrkki\u00e4 m\u00e4ki\u00e4 yl\u00f6s noustessa olin tyytyv\u00e4inen, ett\u00e4 koirat olivat vetoapuna. Reitti ei kulkenut miss\u00e4\u00e4n kohtaa aivan Hamarinj\u00e4rven rannalla vaan j\u00e4rvi n\u00e4kyi puiden lomasta. Kokonaisuudessaan Sahaj\u00e4rven kierroksen reitti oli melko hyv\u00e4kuntoinen lukuun ottamatta yht\u00e4 upottavan mutaista p\u00e4tk\u00e4\u00e4, jota yritimme kiert\u00e4\u00e4 ryteikk\u00f6jen kautta.<\/p>\n\n\n\n<h4 class=\"wp-block-heading\">Sahaj\u00e4rven ylitys vaijerilossilla<\/h4>\n\n\n\n<p>N\u00e4k\u00f6alakallioilta laskeuduimme reitin lopuksi kohti Sahaj\u00e4rven rantaa, jossa j\u00e4rven ylitt\u00e4\u00e4 kaksi vaijerilossia. Kokonaisuudessaan meill\u00e4 meni Sahaj\u00e4rven kierroksen kiert\u00e4miseen rinkat sel\u00e4ss\u00e4 parkkipaikalta losseille noin nelj\u00e4 tuntia, johon sis\u00e4ltyi pari kunnollista taukoa. Vaijerilossien avulla p\u00e4\u00e4see Sahaj\u00e4rven yli Kalasuntin saarelle, joka on suosittu tauko- ja majoituspaikka. <\/p>\n\n\n\n<figure class=\"wp-block-image size-large\"><img loading=\"lazy\" decoding=\"async\" width=\"700\" height=\"539\" src=\"https:\/\/www.riemumielen.fi\/wp-content\/uploads\/2020\/09\/Teijo8.jpg\" alt=\"Teijon kansallispuistossa Sahaj\u00e4rven yli p\u00e4\u00e4see Kalasuntin saarelle vaijerilossilla.\" class=\"wp-image-3683\" srcset=\"https:\/\/www.riemumielen.fi\/wp-content\/uploads\/2020\/09\/Teijo8.jpg 700w, https:\/\/www.riemumielen.fi\/wp-content\/uploads\/2020\/09\/Teijo8-300x231.jpg 300w, https:\/\/www.riemumielen.fi\/wp-content\/uploads\/2020\/09\/Teijo8-151x116.jpg 151w\" sizes=\"auto, (max-width: 700px) 100vw, 700px\" \/><figcaption>Sahaj\u00e4rven yli p\u00e4\u00e4see Kalasuntin saarelle vaijerilossilla.<\/figcaption><\/figure>\n\n\n\n<p>Vaijerilossilla hinasimme itsemme Kalasuntin saareen. Olin etuk\u00e4teen p\u00e4hk\u00e4illyt, miten lossiylitys onnistuu kahden koiran kanssa, mutta colliet eiv\u00e4t ihmetelleet lossimatkaa juuri yht\u00e4\u00e4n. Ne katselivat kauniita j\u00e4rvimaisemia kaikessa rauhassa. Sen sijaan meille ihmisille lossi oli n\u00e4pp\u00e4ryydest\u00e4\u00e4n huolimatta melko raskas hinattava. <\/p>\n\n\n\n<figure class=\"wp-block-image size-large\"><img loading=\"lazy\" decoding=\"async\" width=\"700\" height=\"888\" src=\"https:\/\/www.riemumielen.fi\/wp-content\/uploads\/2020\/09\/Teijo17.jpg\" alt=\"Teijon kansallispuiston Kalasuntin vaijerilossi oli n\u00e4pp\u00e4r\u00e4, mutta melko raskas hinattava.\" class=\"wp-image-3684\" srcset=\"https:\/\/www.riemumielen.fi\/wp-content\/uploads\/2020\/09\/Teijo17.jpg 700w, https:\/\/www.riemumielen.fi\/wp-content\/uploads\/2020\/09\/Teijo17-236x300.jpg 236w, https:\/\/www.riemumielen.fi\/wp-content\/uploads\/2020\/09\/Teijo17-91x116.jpg 91w\" sizes=\"auto, (max-width: 700px) 100vw, 700px\" \/><figcaption>Kalasuntin vaijerilossi oli n\u00e4pp\u00e4r\u00e4, mutta melko raskas hinattava.<\/figcaption><\/figure>\n\n\n\n<h4 class=\"wp-block-heading\">Y\u00f6pyminen Kalasuntin saarella teltassa<\/h4>\n\n\n\n<p>Kalasuntin saarelta l\u00f6ytyi laavu, nuotiopaikka, polttopuita ja ulkohuussi. Saari osoittautui todella suosituksi y\u00f6pymispaikaksi, koska meid\u00e4n lis\u00e4ksi pienell\u00e4 saarella y\u00f6pyi jopa kuusi muuta telttaporukkaa. Odotimme p\u00e4\u00e4sy\u00e4 ruoanlaittoon ja makkaranpaistoon laavulle hetken, koska laavulla oli pariskunta, jolla oli mukana collieille ja ihmisille r\u00e4yh\u00e4\u00e4v\u00e4 weimarin seisoja. Sansakin taisi vastata sille muutaman valitun haukahduksen.<\/p>\n\n\n\n<figure class=\"wp-block-image size-large\"><img loading=\"lazy\" decoding=\"async\" width=\"700\" height=\"845\" src=\"https:\/\/www.riemumielen.fi\/wp-content\/uploads\/2020\/09\/Teijo11.jpg\" alt=\"Collietyt\u00f6t odottavat makkaranpaistoa hieman sivummalla Kalasuntin laavulla Teijon kansallispuistossa.\" class=\"wp-image-3685\" srcset=\"https:\/\/www.riemumielen.fi\/wp-content\/uploads\/2020\/09\/Teijo11.jpg 700w, https:\/\/www.riemumielen.fi\/wp-content\/uploads\/2020\/09\/Teijo11-249x300.jpg 249w, https:\/\/www.riemumielen.fi\/wp-content\/uploads\/2020\/09\/Teijo11-96x116.jpg 96w\" sizes=\"auto, (max-width: 700px) 100vw, 700px\" \/><figcaption>Collietyt\u00f6t odottavat makkaranpaistoa hieman sivummalla Kalasuntin laavulla. <\/figcaption><\/figure>\n\n\n\n<p>Y\u00f6vyimme Kalasuntin saaressa perjantain ja lauantain v\u00e4lisen y\u00f6n <a rel=\"noreferrer noopener\" href=\"https:\/\/m.motonet.fi\/fi\/tuote\/5506711\/Woodlander-Ribe-kupoliteltta\" target=\"_blank\">kahden hengen Woodlander Ribe kupoliteltassa<\/a>. Olimme jo testanneet teltassa y\u00f6pymist\u00e4 kes\u00e4ll\u00e4 etuk\u00e4teen yhden y\u00f6n verran Sansan kanssa, mutta Kaislalle t\u00e4m\u00e4 oli ensimm\u00e4inen y\u00f6 teltassa. Pystytimme teltan ajoissa ennen h\u00e4m\u00e4r\u00e4n tuloa tasaiseen suojaisaan kohtaan aivan rannan tuntumaan. Katselimme rantakalliolla upeaa auringonlaskua ja siirryimme telttaan juuri ennen pime\u00e4\u00e4, joka laskee t\u00e4h\u00e4n aikaan vuodesta joka ilta aikaisemmin.<\/p>\n\n\n\n<figure class=\"wp-block-image size-large\"><img loading=\"lazy\" decoding=\"async\" width=\"700\" height=\"863\" src=\"https:\/\/www.riemumielen.fi\/wp-content\/uploads\/2020\/09\/Teijo23.jpg\" alt=\"Sansa tarkistaa, onko teltta pystytetty oikein. Kaksi collieta ja kaksi ihmist\u00e4 mahtui hyvin kahden hengen telttaan.\" class=\"wp-image-3697\" srcset=\"https:\/\/www.riemumielen.fi\/wp-content\/uploads\/2020\/09\/Teijo23.jpg 700w, https:\/\/www.riemumielen.fi\/wp-content\/uploads\/2020\/09\/Teijo23-243x300.jpg 243w, https:\/\/www.riemumielen.fi\/wp-content\/uploads\/2020\/09\/Teijo23-94x116.jpg 94w\" sizes=\"auto, (max-width: 700px) 100vw, 700px\" \/><figcaption>Sansa tarkistaa, onko teltta pystytetty oikein. Kaksi collieta ja kaksi ihmist\u00e4 mahtui hyvin kahden hengen telttaan.<\/figcaption><\/figure>\n\n\n\n<p>Nukuin koko y\u00f6n melko hyvin ja sek\u00e4 Sansa-\u00e4iti ett\u00e4 Kaisla-tyt\u00e4r nukkuivat teltassa kuin tukit. Niit\u00e4 ei h\u00e4irinnyt sen enemp\u00e4\u00e4 luonnon \u00e4\u00e4net, muuttolintujen \u00e4\u00e4ntelyt kuin muiden telttaseurueiden rupattelukaan. Collietyt\u00f6t nukkuivat suurimman osan y\u00f6st\u00e4 meid\u00e4n jaloissamme ja aamuy\u00f6st\u00e4 Kaisla siirtyi nukkumaan v\u00e4liimme.<\/p>\n\n\n\n<figure class=\"wp-block-image size-large\"><img loading=\"lazy\" decoding=\"async\" width=\"700\" height=\"525\" src=\"https:\/\/www.riemumielen.fi\/wp-content\/uploads\/2020\/09\/Teijo12.jpg\" alt=\"Sansa ja Kaisla nukkuivat yhden y\u00f6n teltassa Kalasuntin saaressa Teijon kansallispuistossa.\" class=\"wp-image-3687\" srcset=\"https:\/\/www.riemumielen.fi\/wp-content\/uploads\/2020\/09\/Teijo12.jpg 700w, https:\/\/www.riemumielen.fi\/wp-content\/uploads\/2020\/09\/Teijo12-300x225.jpg 300w, https:\/\/www.riemumielen.fi\/wp-content\/uploads\/2020\/09\/Teijo12-155x116.jpg 155w\" sizes=\"auto, (max-width: 700px) 100vw, 700px\" \/><figcaption>Sansa ja Kaisla nukkuivat yhden y\u00f6n teltassa Kalasuntin saaressa.<\/figcaption><\/figure>\n\n\n\n<h4 class=\"wp-block-heading\" id=\"teerisaaren-laavu\">Toisena p\u00e4iv\u00e4n\u00e4 Teerisaaren laavulle<\/h4>\n\n\n\n<p>Y\u00f6n aikana alkoi rankka vesisade ja her\u00e4simme lauantaina seitsem\u00e4n aikaan sateiseen syysaamuun. L\u00e4mp\u00f6tila k\u00e4vi y\u00f6n aikana hieman alle kymmeness\u00e4 asteessa, mutta onneksi teltta piti meid\u00e4t kuivina ja makuupussit l\u00e4mpimin\u00e4. Joimme viel\u00e4 Kalasuntin laavulla kuumat aamukaakaot ja s\u00f6imme kaurapuurot. <\/p>\n\n\n\n<p>Aamupalan j\u00e4lkeen l\u00e4hdimme lossikyydill\u00e4 vastarannalle ja k\u00e4velem\u00e4\u00e4n kohti parkkipaikkaa, joka sijaitsee noin kilometrin k\u00e4velymatkan p\u00e4\u00e4ss\u00e4 Sahaj\u00e4rven rannasta. Sahaj\u00e4rven kierros 8,8 kilometri\u00e4 oli nyt kierretty kokonaisuudessaan ja reitti oli juuri sopivan pituinen ensimm\u00e4iselle p\u00e4iv\u00e4lle. Pelk\u00e4\u00e4m\u00e4ni hirvik\u00e4rp\u00e4set eiv\u00e4t h\u00e4irinneet koko reissun aikana, eik\u00e4 hyttysi\u00e4 ollut nimeksik\u00e4\u00e4n. <\/p>\n\n\n\n<figure class=\"wp-block-image size-large\"><img loading=\"lazy\" decoding=\"async\" width=\"700\" height=\"791\" src=\"https:\/\/www.riemumielen.fi\/wp-content\/uploads\/2020\/09\/Teijo15.jpg\" alt=\"Toisena vaellusp\u00e4iv\u00e4n\u00e4 suuntasimme sateessa Teerisaaren laavulle Teijon kansallispuistossa sateessa.\" class=\"wp-image-3688\" srcset=\"https:\/\/www.riemumielen.fi\/wp-content\/uploads\/2020\/09\/Teijo15.jpg 700w, https:\/\/www.riemumielen.fi\/wp-content\/uploads\/2020\/09\/Teijo15-265x300.jpg 265w, https:\/\/www.riemumielen.fi\/wp-content\/uploads\/2020\/09\/Teijo15-103x116.jpg 103w\" sizes=\"auto, (max-width: 700px) 100vw, 700px\" \/><figcaption>Toisena vaellusp\u00e4iv\u00e4n\u00e4 suuntasimme sateessa Teerisaaren laavulle. Irrotin Kaislan koirarepusta reppuosan, joiden alla on istuvat valjaat.<\/figcaption><\/figure>\n\n\n\n<p>Sahaj\u00e4rven kierroksen j\u00e4lkeen j\u00e4timme isot rinkat, koirarepun, teltan ja makuupussit autoon ja l\u00e4hdimme yhden kevyemm\u00e4n repun ja ev\u00e4iden kanssa jatkamaan matkaa kohti Teerisaaren laavua. Teerisaaren laavu sijaitsee Puolakkaj\u00e4rven rannalla ja reitti sinne kulkee p\u00e4\u00e4osin pitkospuita pitkin soiden ymp\u00e4r\u00f6im\u00e4n\u00e4. Kuljettavaa kertyi noin viisi kilometri\u00e4. <\/p>\n\n\n\n<figure class=\"wp-block-image size-large\"><img loading=\"lazy\" decoding=\"async\" width=\"700\" height=\"525\" src=\"https:\/\/www.riemumielen.fi\/wp-content\/uploads\/2020\/09\/Teijo16.jpg\" alt=\"Collietyt\u00f6t poseeraavat Teijon kansallispuistossa suomaisemissa vesisateessa.\" class=\"wp-image-3689\" srcset=\"https:\/\/www.riemumielen.fi\/wp-content\/uploads\/2020\/09\/Teijo16.jpg 700w, https:\/\/www.riemumielen.fi\/wp-content\/uploads\/2020\/09\/Teijo16-300x225.jpg 300w, https:\/\/www.riemumielen.fi\/wp-content\/uploads\/2020\/09\/Teijo16-155x116.jpg 155w\" sizes=\"auto, (max-width: 700px) 100vw, 700px\" \/><figcaption>Collietyt\u00f6t poseeraavat Teijon suomaisemissa vesisateessa. Kuvan ottohetkell\u00e4 koirat olivat irti, sen j\u00e4lkeen taas visusti hihnassa.<\/figcaption><\/figure>\n\n\n\n<p>Teerisaaren laavulla oli yksi isompi porukka ennen meit\u00e4, joten siell\u00e4 oli n\u00e4pp\u00e4r\u00e4sti jo tuli valmiina. Keitimme nuotiolla vett\u00e4 kentt\u00e4pakissa ja s\u00f6imme l\u00e4mpim\u00e4t kanttarellikeitot lounaaksi. Colliet saivat toki my\u00f6s herkkuja. Seuraavaksi matka jatkui tihkusateessa kohti Teijon luontokeskusta, josta ostin Suomen kansallispuistot -tuubihuivin kaulaani l\u00e4mmitt\u00e4m\u00e4\u00e4n.<\/p>\n\n\n\n<p>Pitkospuut olivat sateen takia muutamassa kohtaan melko liukkaat ja t\u00e4ss\u00e4 vaiheessa vaatteet alkoivat olla jo l\u00e4pim\u00e4r\u00e4t. Kuoritakki p\u00e4\u00e4sti jo veden l\u00e4pi, mutta vaelluskeng\u00e4t eiv\u00e4t pett\u00e4neet. Collietyt\u00f6ist\u00e4kin huomasi, ettei niit\u00e4 huvittanut en\u00e4\u00e4 jatkaa vaellusta sateessa, vaikka ne t\u00e4h\u00e4n asti olivat menneet reippaina eteenp\u00e4in.<\/p>\n\n\n\n<h4 class=\"wp-block-heading\">Lemmikkiyst\u00e4v\u00e4llinen Sypressi Bed &amp; Breakfast<\/h4>\n\n\n\n<p>Teerisaaren laavun j\u00e4lkeen olimme kaikki jo aika v\u00e4s\u00e4ht\u00e4neit\u00e4, sateen kastelemia ja kylmiss\u00e4\u00e4n, eik\u00e4 toinen y\u00f6 teltassa olisi houkuttanut yht\u00e4\u00e4n. T\u00e4ss\u00e4 on meille jatkoa varten p\u00e4hkin\u00e4 purtavaksi. Miten saada kaikki varusteet pysym\u00e4\u00e4n mahdollisimman kuivina ja l\u00e4mpimin\u00e4 pidemmill\u00e4 retkill\u00e4 s\u00e4\u00e4ss\u00e4 kuin s\u00e4\u00e4ss\u00e4? Onneksi olin varannut meille jo etuk\u00e4teen toiseksi y\u00f6ksi y\u00f6pymisen <a rel=\"noreferrer noopener\" href=\"http:\/\/www.sypressi.fi\/\" target=\"_blank\">Sypressi Bed &amp;Breakfast -majatalosta<\/a>.<\/p>\n\n\n\n<figure class=\"wp-block-image size-large\"><img loading=\"lazy\" decoding=\"async\" width=\"700\" height=\"479\" src=\"https:\/\/www.riemumielen.fi\/wp-content\/uploads\/2020\/09\/Teijo21.jpg\" alt=\"Sypressi Bed &amp; Breakfast -majatalo Mathildedalin ruukkikyl\u00e4ss\u00e4.\" class=\"wp-image-3690\" srcset=\"https:\/\/www.riemumielen.fi\/wp-content\/uploads\/2020\/09\/Teijo21.jpg 700w, https:\/\/www.riemumielen.fi\/wp-content\/uploads\/2020\/09\/Teijo21-300x205.jpg 300w, https:\/\/www.riemumielen.fi\/wp-content\/uploads\/2020\/09\/Teijo21-170x116.jpg 170w\" sizes=\"auto, (max-width: 700px) 100vw, 700px\" \/><figcaption>Sypressi Bed &amp; Breakfast -majatalo Mathildedalin ruukkikyl\u00e4ss\u00e4.<\/figcaption><\/figure>\n\n\n\n<p>Sypressi B&amp;B sijaitsee <a href=\"https:\/\/goo.gl\/maps\/5PEjZPWKEY5m19Ga7\" target=\"_blank\" rel=\"noreferrer noopener\">Mathildedalissa<\/a>, joka on todella s\u00f6p\u00f6 perinteik\u00e4s pieni ruukkikyl\u00e4. Majoituimme siell\u00e4 Raasepori-nimisess\u00e4 rakennuksessa, joka on rakennettu vuonna 1840. Rakennus on nyky\u00e4\u00e4n suojelukohde ja se edustaa ruukinaikaista punamultarakentamista.<\/p>\n\n\n\n<figure class=\"wp-block-image size-large\"><img loading=\"lazy\" decoding=\"async\" width=\"700\" height=\"525\" src=\"https:\/\/www.riemumielen.fi\/wp-content\/uploads\/2020\/09\/Teijo20.jpg\" alt=\"Sypressi B&amp;B on lemmikkiyst\u00e4v\u00e4llinen kaunis majatalo, johon colliet olivat l\u00e4mpim\u00e4sti tervetulleita.\" class=\"wp-image-3691\" srcset=\"https:\/\/www.riemumielen.fi\/wp-content\/uploads\/2020\/09\/Teijo20.jpg 700w, https:\/\/www.riemumielen.fi\/wp-content\/uploads\/2020\/09\/Teijo20-300x225.jpg 300w, https:\/\/www.riemumielen.fi\/wp-content\/uploads\/2020\/09\/Teijo20-155x116.jpg 155w\" sizes=\"auto, (max-width: 700px) 100vw, 700px\" \/><figcaption>Sypressi B&amp;B on lemmikkiyst\u00e4v\u00e4llinen kaunis majatalo, johon colliet olivat l\u00e4mpim\u00e4sti tervetulleita.<\/figcaption><\/figure>\n\n\n\n<p>Sypressi B&amp;B on lemmikkiyst\u00e4v\u00e4llinen ja siell\u00e4 asuu omistajan oma eurasier ja pari kissaa, joita colliet eiv\u00e4t tosin tavanneet. Meille oli varattu Sypressist\u00e4 kolmen hengen huone ja k\u00e4yt\u00f6ss\u00e4mme oli yhteisk\u00e4yt\u00f6llinen kylpyhuone ja WC. Illalla koirat lep\u00e4siv\u00e4t huoneessa kaikessa rauhassa ja me ihmiset k\u00e4vimme l\u00e4heisess\u00e4 <a rel=\"noreferrer noopener\" href=\"https:\/\/www.ruukinkrouvi.fi\/\" target=\"_blank\">Ruukin krouvissa<\/a> pizzoilla.<\/p>\n\n\n\n<figure class=\"wp-block-image size-large\"><img loading=\"lazy\" decoding=\"async\" width=\"700\" height=\"568\" src=\"https:\/\/www.riemumielen.fi\/wp-content\/uploads\/2020\/09\/Teijo19.jpg\" alt=\"Kaisla ja Sansa t\u00e4ysin valmiina oikaisemaan sohvalle lep\u00e4\u00e4m\u00e4\u00e4n.\" class=\"wp-image-3692\" srcset=\"https:\/\/www.riemumielen.fi\/wp-content\/uploads\/2020\/09\/Teijo19.jpg 700w, https:\/\/www.riemumielen.fi\/wp-content\/uploads\/2020\/09\/Teijo19-300x243.jpg 300w, https:\/\/www.riemumielen.fi\/wp-content\/uploads\/2020\/09\/Teijo19-143x116.jpg 143w\" sizes=\"auto, (max-width: 700px) 100vw, 700px\" \/><figcaption>Kaisla ja Sansa t\u00e4ysin valmiina oikaisemaan sohvalle lep\u00e4\u00e4m\u00e4\u00e4n.<\/figcaption><\/figure>\n\n\n\n<h4 class=\"wp-block-heading\" id=\"totin-luontopolku\">Kolmantena p\u00e4iv\u00e4n\u00e4 Totin luontopolku<\/h4>\n\n\n\n<p>Sunnuntaiaamu valkeni aurinkoisena ja kauniina, joten ennen kotiinpaluuta kuljimme viel\u00e4 l\u00e4pi Totin luontopolun, joka on parin kilometrin helppokulkuinen luontopolku Sahaj\u00e4rven l\u00e4hell\u00e4. Suuri osa polusta kulkee vanhassa Teijon kartanon puistossa, joten keskell\u00e4 mets\u00e4\u00e4 tulee vastaan yll\u00e4tt\u00e4en esimerkiksi rhododendronpensaita sek\u00e4 siell\u00e4 voi ihmetell\u00e4 Sahaj\u00e4rven padon raunioita ja pient\u00e4 tekolampea.<\/p>\n\n\n\n<figure class=\"wp-block-image size-large\"><img loading=\"lazy\" decoding=\"async\" width=\"700\" height=\"503\" src=\"https:\/\/www.riemumielen.fi\/wp-content\/uploads\/2020\/09\/Teijo22.jpg\" alt=\"Hymyilev\u00e4t collietyt\u00f6t Totin luontopolulla, joka kulkee osittain Sahaj\u00e4rven rannalla.\" class=\"wp-image-3693\" srcset=\"https:\/\/www.riemumielen.fi\/wp-content\/uploads\/2020\/09\/Teijo22.jpg 700w, https:\/\/www.riemumielen.fi\/wp-content\/uploads\/2020\/09\/Teijo22-300x216.jpg 300w, https:\/\/www.riemumielen.fi\/wp-content\/uploads\/2020\/09\/Teijo22-161x116.jpg 161w\" sizes=\"auto, (max-width: 700px) 100vw, 700px\" \/><figcaption>Hymyilev\u00e4t collietyt\u00f6t Totin luontopolulla, joka kulkee osittain Sahaj\u00e4rven rannalla.<\/figcaption><\/figure>\n\n\n\n<figure class=\"wp-block-image size-large\"><img loading=\"lazy\" decoding=\"async\" width=\"700\" height=\"525\" src=\"https:\/\/www.riemumielen.fi\/wp-content\/uploads\/2020\/09\/Teijo-23.jpg\" alt=\"Totin luontopolun varrella voi ihmetell\u00e4 Sahaj\u00e4rven padon raunioita.\" class=\"wp-image-3699\" srcset=\"https:\/\/www.riemumielen.fi\/wp-content\/uploads\/2020\/09\/Teijo-23.jpg 700w, https:\/\/www.riemumielen.fi\/wp-content\/uploads\/2020\/09\/Teijo-23-300x225.jpg 300w, https:\/\/www.riemumielen.fi\/wp-content\/uploads\/2020\/09\/Teijo-23-155x116.jpg 155w\" sizes=\"auto, (max-width: 700px) 100vw, 700px\" \/><figcaption>Totin luontopolun varrella voi ihmetell\u00e4 Sahaj\u00e4rven padon raunioita.<\/figcaption><\/figure>\n\n\n\n<p>Pohdin etuk\u00e4teen l\u00e4ht\u00f6p\u00e4iv\u00e4ksi vaihtoehtoisena reittin\u00e4 hieman pidemp\u00e4\u00e4 Onnelannummen reitti\u00e4, mutta Totin luontopolku oli juuri sopiva l\u00e4ht\u00f6aamun reitti. K\u00e4velimme sen kaikessa rauhassa ja pidimme lyhyen tauon. Luontopolun j\u00e4lkeen k\u00e4v\u00e4isimme pieness\u00e4 Teijon kyl\u00e4kaupassa ja ihastelemassa Teijon kirkkoa, joka on Suomen pienin kivikirkko. Sitten oltiin jo valmiita suuntaamaan takaisin kohti Keravaa.<\/p>\n\n\n\n<h4 class=\"wp-block-heading\">Koirien varusteet vaellusretkell\u00e4<\/h4>\n\n\n\n<p>Sain sopivasti juuri ennen retke\u00e4 mahdollisuuden testata koirille <a rel=\"noreferrer noopener\" href=\"https:\/\/www.hurtta.com\/fi_fi\/trail-reppu\" target=\"_blank\">Hurtta Trail<\/a> -reppua, joka oli t\u00e4ll\u00e4 reissulla Kaislan testiss\u00e4. Kirjoitan siit\u00e4 erillisen blogijutun <strong>Riemu testaa<\/strong> -osioon ensi viikon perjantaille ja kerron silloin enemm\u00e4n repun ominaisuuksista. N\u00e4in lyhyell\u00e4 vaelluksella koirareppu ei ole v\u00e4ltt\u00e4m\u00e4t\u00f6n, mutta t\u00e4m\u00e4 oli hyv\u00e4 tilaisuus totuttaa Kaisla repun kantoon ennen pidempi\u00e4 reissuja.<\/p>\n\n\n\n<figure class=\"wp-block-image size-large\"><img loading=\"lazy\" decoding=\"async\" width=\"700\" height=\"492\" src=\"https:\/\/www.riemumielen.fi\/wp-content\/uploads\/2020\/09\/tytot2.jpg\" alt=\"Kaislalla p\u00e4\u00e4ll\u00e4 Hurtta Trail -reppu ja Sansalla Hurtta Dazzle -valjaat. \" class=\"wp-image-3694\" srcset=\"https:\/\/www.riemumielen.fi\/wp-content\/uploads\/2020\/09\/tytot2.jpg 700w, https:\/\/www.riemumielen.fi\/wp-content\/uploads\/2020\/09\/tytot2-300x211.jpg 300w, https:\/\/www.riemumielen.fi\/wp-content\/uploads\/2020\/09\/tytot2-165x116.jpg 165w\" sizes=\"auto, (max-width: 700px) 100vw, 700px\" \/><figcaption>Kaislalla p\u00e4\u00e4ll\u00e4 Hurtta Trail -reppu ja Sansalla Hurtta Dazzle -valjaat. Kuvan ottohetkell\u00e4 koirat olivat irti, sen j\u00e4lkeen taas visusti hihnassa.<\/figcaption><\/figure>\n\n\n\n<p>J\u00e4tin tilavan <a rel=\"noreferrer noopener\" href=\"https:\/\/www.hurtta.com\/fi_fi\/trail-reppu\" target=\"_blank\">Hurtta Trail<\/a> -repun t\u00e4t\u00e4 ensimm\u00e4ist\u00e4 retke\u00e4 varten tarkoituksella kevyeksi, jotta Kaisla tottui sen kantamiseen. Pakkasin siihen koirien<strong> <\/strong>kahden p\u00e4iv\u00e4n <strong>kuivaruokam\u00e4\u00e4r\u00e4n ja herkkuja<\/strong>, joita ne ovat tottuneet sy\u00f6m\u00e4\u00e4n. Omaan rinkkaani pakkasin kaikki muut koirien tarvitsemat varusteet kuten <strong>vesipullon, juomakipon, ensiapupakkauksen ja kyypakkauksen<\/strong>. Jatkossa pakkaan mukaan lis\u00e4ksi koirien <strong>taukoalustan ja mikrokuitupyyhkeen<\/strong> tassujen ja turkin kuivaamista varten. <\/p>\n\n\n\n<p>Jatkossa kun koirat ovat tottuneet reppuun, sen painoa voi kasvattaa v\u00e4hitellen ja maltilla maksimissaan 20 prosenttiin koiran omasta painosta. En kokenut omien paksuturkkisten collieideni tarvitsevan omia <strong>makuupusseja<\/strong> tai<strong> loimia<\/strong> t\u00e4ll\u00e4 retkell\u00e4, koska y\u00f6l\u00e4mp\u00f6tila pysyi noin 10 asteessa, mutta viile\u00e4mm\u00e4ll\u00e4 s\u00e4\u00e4ll\u00e4 ja kevytturkkisemmalla koiralla ne voivat olla tarpeellisia.<\/p>\n\n\n\n<h4 class=\"wp-block-heading\">Seuraava y\u00f6n yli vaellusretki suunnitelmissa<\/h4>\n\n\n\n<p>Vaellusretki Teijon kansallispuistossa oli ehdottomasti yksi syksyn kohokohtia. Kotimatkalla Teijosta ryhdyin jo suunnittelemaan seuraavaa y\u00f6n yli vaellusretke\u00e4 kansallispuistoon. Sen aika on todenn\u00e4k\u00f6isesti vasta ensi kev\u00e4\u00e4n\u00e4, koska talvella teltassa y\u00f6pyminen ei houkuttele ja syksy alkaa olla jo aika pitk\u00e4ll\u00e4. Loppusyksyn aikana teen varmasti muutaman pidemm\u00e4n p\u00e4iv\u00e4retken.<\/p>\n\n\n\n<figure class=\"wp-block-image size-large\"><img loading=\"lazy\" decoding=\"async\" width=\"700\" height=\"525\" src=\"https:\/\/www.riemumielen.fi\/wp-content\/uploads\/2020\/09\/Teijo-10.jpg\" alt=\"Syyskuinen auringonlasku Sahaj\u00e4rvell\u00e4 Kalasuntin saarelta katsottuna Teijon kansallispuistossa.\" class=\"wp-image-3747\" srcset=\"https:\/\/www.riemumielen.fi\/wp-content\/uploads\/2020\/09\/Teijo-10.jpg 700w, https:\/\/www.riemumielen.fi\/wp-content\/uploads\/2020\/09\/Teijo-10-300x225.jpg 300w, https:\/\/www.riemumielen.fi\/wp-content\/uploads\/2020\/09\/Teijo-10-155x116.jpg 155w\" sizes=\"auto, (max-width: 700px) 100vw, 700px\" \/><figcaption>Syyskuinen auringonlasku Sahaj\u00e4rvell\u00e4 Kalasuntin saarelta katsottuna.<\/figcaption><\/figure>\n\n\n\n<p>Kaikista Suomen kansallispuistoista olen nyt k\u00e4ynyt Teijon lis\u00e4ksi Kolilla, Nuuksiossa, Sipoonkorvessa ja Helvetinj\u00e4rvell\u00e4, joten seuraava kohde voisi olla joku minulle uusi kansallispuisto.<\/p>\n\n\n\n<p>Mik\u00e4 on sinun suosikkisi Suomen kansallispuistoista? Mit\u00e4 paikkaa suosittelet meid\u00e4n seuraavaksi kohteeksi? Kerro kommenteissa!<\/p>\n","protected":false},"excerpt":{"rendered":"<p>Vietin syyskuun toisen viikonlopun perjantaista sunnuntaihin Teijon kansallispuistossa ja Mathildedalin ruukkikyl\u00e4ss\u00e4, jossa mukana vaellusretkell\u00e4 oli mieheni sek\u00e4 pitk\u00e4karvaiset colliet Sansa ja Kaisla. Teijon kansallispuisto sijaitsee Teijolla Salossa ja se on yksi uusimpia kansallispuistojamme. Vaelsimme siell\u00e4 Sahaj\u00e4rven kierroksen, k\u00e4vimme Teerisaaren laavulla ja kuljimme l\u00e4pi Totin luontopolun. Juhlistimme reissulla samalla 9-vuotish\u00e4\u00e4p\u00e4iv\u00e4\u00e4mme. Y\u00f6n yli vaellusretki koirien kanssa T\u00e4m\u00e4 [&hellip;]<\/p>\n","protected":false},"author":1,"featured_media":3679,"comment_status":"open","ping_status":"open","sticky":false,"template":"","format":"standard","meta":{"_exactmetrics_skip_tracking":false,"_exactmetrics_sitenote_active":false,"_exactmetrics_sitenote_note":"","_exactmetrics_sitenote_category":0,"footnotes":""},"categories":[307],"tags":[340,339,323,309,937,336,337,545,584,330,329,935],"class_list":["post-3607","post","type-post","status-publish","format-standard","has-post-thumbnail","hentry","category-vaellus","tag-hurtta","tag-hurtta-dazzle","tag-hurtta-trail","tag-kansallispuisto","tag-koiravaellus","tag-mathildedal","tag-meriteijo","tag-patikointi","tag-retkeily","tag-sahajarven-kierros","tag-teijo","tag-vaellus"],"_links":{"self":[{"href":"https:\/\/www.riemumielen.fi\/en\/wp-json\/wp\/v2\/posts\/3607","targetHints":{"allow":["GET"]}}],"collection":[{"href":"https:\/\/www.riemumielen.fi\/en\/wp-json\/wp\/v2\/posts"}],"about":[{"href":"https:\/\/www.riemumielen.fi\/en\/wp-json\/wp\/v2\/types\/post"}],"author":[{"embeddable":true,"href":"https:\/\/www.riemumielen.fi\/en\/wp-json\/wp\/v2\/users\/1"}],"replies":[{"embeddable":true,"href":"https:\/\/www.riemumielen.fi\/en\/wp-json\/wp\/v2\/comments?post=3607"}],"version-history":[{"count":1,"href":"https:\/\/www.riemumielen.fi\/en\/wp-json\/wp\/v2\/posts\/3607\/revisions"}],"predecessor-version":[{"id":12642,"href":"https:\/\/www.riemumielen.fi\/en\/wp-json\/wp\/v2\/posts\/3607\/revisions\/12642"}],"wp:featuredmedia":[{"embeddable":true,"href":"https:\/\/www.riemumielen.fi\/en\/wp-json\/wp\/v2\/media\/3679"}],"wp:attachment":[{"href":"https:\/\/www.riemumielen.fi\/en\/wp-json\/wp\/v2\/media?parent=3607"}],"wp:term":[{"taxonomy":"category","embeddable":true,"href":"https:\/\/www.riemumielen.fi\/en\/wp-json\/wp\/v2\/categories?post=3607"},{"taxonomy":"post_tag","embeddable":true,"href":"https:\/\/www.riemumielen.fi\/en\/wp-json\/wp\/v2\/tags?post=3607"}],"curies":[{"name":"wp","href":"https:\/\/api.w.org\/{rel}","templated":true}]}}