{"id":3177,"date":"2020-05-29T06:57:08","date_gmt":"2020-05-29T03:57:08","guid":{"rendered":"https:\/\/www.riemumielen.fi\/?p=3177"},"modified":"2021-06-24T11:33:36","modified_gmt":"2021-06-24T08:33:36","slug":"riemumieli-esittaytyy-virna","status":"publish","type":"post","link":"https:\/\/www.riemumielen.fi\/en\/pentueet\/riemumieli-esittaytyy-virna\/","title":{"rendered":"Riemumieli esitt\u00e4ytyy: Virna"},"content":{"rendered":"\n<p>T\u00e4m\u00e4 blogikirjoitus jatkaa<strong> \u201cRiemumieli esitt\u00e4ytyy\u201d &#8211;<\/strong>osiota, jossa nousevat estradille Riemumielen pitk\u00e4karvaiset colliet kolmesta eri pentueesta, omistajiensa esittelemin\u00e4. Esittelyss\u00e4 on aina yksi Riemumielen kennelnimelle rekister\u00f6ity pitk\u00e4karvainen collie kerrallaan.<\/p>\n\n\n\n<h4 class=\"wp-block-heading\">Riemumielen Tulen Suutelema eli Virna<\/h4>\n\n\n\n<p>T\u00e4ll\u00e4 kertaa esittelyvuorossa on Virna, yksivuotias narttucollie Riemumielen kolmannesta pentueesta. T\u00e4ss\u00e4 <a href=\"https:\/\/www.riemumielen.fi\/koiramme\/sansa\/\" target=\"_blank\" rel=\"noreferrer noopener\">Sansan<\/a> ja <a href=\"https:\/\/jalostus.kennelliitto.fi\/frmKoira.aspx?RekNo=FI12604\/13&amp;R=156\" target=\"_blank\" rel=\"noreferrer noopener\">Pablon<\/a> pentueessa on kolme urosta ja kolme narttua, jotka ovat kaikki v\u00e4rilt\u00e4\u00e4n soopeleita.<\/p>\n\n\n\n<ul class=\"wp-block-list\"><li><strong>Virallinen nimi:<\/strong> <a href=\"https:\/\/jalostus.kennelliitto.fi\/frmKoira.aspx?RekNo=FI30787%2F19&amp;R=156\" target=\"_blank\" rel=\"noreferrer noopener\">Riemumielen Tulen Suutelema <\/a><\/li><li><strong>Kutsumanimi:<\/strong> Virna <\/li><li><strong>Syntym\u00e4aika:<\/strong> 2.5.2019 <\/li><li><strong>Omistaja:<\/strong> Lotta Luhtaniemi<\/li><\/ul>\n\n\n\n<figure class=\"wp-block-image size-large\"><img loading=\"lazy\" decoding=\"async\" width=\"2048\" height=\"1365\" src=\"https:\/\/i1.wp.com\/www.riemumielen.fi\/wp-content\/uploads\/2020\/05\/Virna-scaled.jpg?fit=640%2C426&amp;ssl=1\" alt=\"\" class=\"wp-image-3296\" srcset=\"https:\/\/www.riemumielen.fi\/wp-content\/uploads\/2020\/05\/Virna-scaled.jpg 2048w, https:\/\/www.riemumielen.fi\/wp-content\/uploads\/2020\/05\/Virna-300x200.jpg 300w, https:\/\/www.riemumielen.fi\/wp-content\/uploads\/2020\/05\/Virna-1024x682.jpg 1024w, https:\/\/www.riemumielen.fi\/wp-content\/uploads\/2020\/05\/Virna-768x512.jpg 768w, https:\/\/www.riemumielen.fi\/wp-content\/uploads\/2020\/05\/Virna-1536x1024.jpg 1536w, https:\/\/www.riemumielen.fi\/wp-content\/uploads\/2020\/05\/Virna-750x500.jpg 750w\" sizes=\"auto, (max-width: 2048px) 100vw, 2048px\" \/><figcaption>Riemumielen Tulen Suutelema eli Virna esitt\u00e4ytyy. Kaikki valokuvat on ottanut Lotta Luhtaniemi.<\/figcaption><\/figure>\n\n\n\n<p>Virnasta kertoo t\u00e4ss\u00e4 esittelyss\u00e4 enemm\u00e4n Virnan omistaja Lotta. <\/p>\n\n\n\n<h4 class=\"wp-block-heading\"><strong>Kerro hieman koirastasi<\/strong><\/h4>\n\n\n\n<p>Virna on ollut ihan pikkupennusta l\u00e4htien p\u00e4\u00e4s\u00e4\u00e4nt\u00f6isesti hyvin rauhallinen tapaus, vaikka siit\u00e4kin l\u00f6ytyy virtaa. Viime aikoina rauhallisuus on varsinkin ulkona ollessa h\u00e4lventynyt \u2013 kenties murrosi\u00e4n ansiosta. Virna on varsin sosiaalinen, kenties hieman poikkeuksellisen sosiaalinen collieksi. Ahneuden ja leikkisyyden ansiosta Virna on helposti motivoitavissa. Se on my\u00f6s hyvin oppivainen.<\/p>\n\n\n\n<figure class=\"wp-block-image size-large\"><img loading=\"lazy\" decoding=\"async\" width=\"2000\" height=\"1333\" src=\"https:\/\/i1.wp.com\/www.riemumielen.fi\/wp-content\/uploads\/2020\/05\/Virna1.jpg?fit=640%2C426&amp;ssl=1\" alt=\"\" class=\"wp-image-3301\" srcset=\"https:\/\/www.riemumielen.fi\/wp-content\/uploads\/2020\/05\/Virna1.jpg 2000w, https:\/\/www.riemumielen.fi\/wp-content\/uploads\/2020\/05\/Virna1-300x200.jpg 300w, https:\/\/www.riemumielen.fi\/wp-content\/uploads\/2020\/05\/Virna1-1024x682.jpg 1024w, https:\/\/www.riemumielen.fi\/wp-content\/uploads\/2020\/05\/Virna1-768x512.jpg 768w, https:\/\/www.riemumielen.fi\/wp-content\/uploads\/2020\/05\/Virna1-1536x1024.jpg 1536w, https:\/\/www.riemumielen.fi\/wp-content\/uploads\/2020\/05\/Virna1-750x500.jpg 750w\" sizes=\"auto, (max-width: 2000px) 100vw, 2000px\" \/><figcaption>Virna reilun parin kuukauden ik\u00e4isen\u00e4 m\u00f6kill\u00e4.<\/figcaption><\/figure>\n\n\n\n<h4 class=\"wp-block-heading\"><strong>Mik\u00e4 koirassasi on parasta?<\/strong><\/h4>\n\n\n\n<p>Olen kerran aiemmin vastannut t\u00e4h\u00e4n samaan kysymykseen, ett\u00e4 jo ihan olemassaolo on parasta Virnassa. T\u00e4ll\u00e4 viittaan siihen, ett\u00e4 ylip\u00e4\u00e4t\u00e4\u00e4n koiran omistaminen on vaikuttanut el\u00e4m\u00e4\u00e4ni hyvin my\u00f6nteisesti. Virnan ominaisuuksista pid\u00e4n kaikista eniten sen sosiaalisuudesta niin ihmisi\u00e4 kuin koiria kohtaan, vaikka t\u00e4m\u00e4 on my\u00f6s haaste.<\/p>\n\n\n\n<figure class=\"wp-block-image size-large\"><img loading=\"lazy\" decoding=\"async\" width=\"2048\" height=\"1365\" src=\"https:\/\/i2.wp.com\/www.riemumielen.fi\/wp-content\/uploads\/2020\/05\/Virna2-scaled.jpg?fit=640%2C426&amp;ssl=1\" alt=\"\" class=\"wp-image-3302\" srcset=\"https:\/\/www.riemumielen.fi\/wp-content\/uploads\/2020\/05\/Virna2-scaled.jpg 2048w, https:\/\/www.riemumielen.fi\/wp-content\/uploads\/2020\/05\/Virna2-300x200.jpg 300w, https:\/\/www.riemumielen.fi\/wp-content\/uploads\/2020\/05\/Virna2-1024x682.jpg 1024w, https:\/\/www.riemumielen.fi\/wp-content\/uploads\/2020\/05\/Virna2-768x512.jpg 768w, https:\/\/www.riemumielen.fi\/wp-content\/uploads\/2020\/05\/Virna2-1536x1024.jpg 1536w, https:\/\/www.riemumielen.fi\/wp-content\/uploads\/2020\/05\/Virna2-750x500.jpg 750w\" sizes=\"auto, (max-width: 2048px) 100vw, 2048px\" \/><figcaption>Virna on t\u00e4ss\u00e4 melkein nelj\u00e4 kuukautta vanhana. Kasvua on selv\u00e4sti tapahtunut, sill\u00e4 pikkupentuajan valjaat ovat jo pienet. <\/figcaption><\/figure>\n\n\n\n<h4 class=\"wp-block-heading\"><strong>Mit\u00e4 haasteita koirasi kanssa on?<\/strong><\/h4>\n\n\n\n<p>Haastavinta t\u00e4ll\u00e4 hetkell\u00e4 Virnan kanssa on lenkeill\u00e4 hidastelu. Virna haluaisi tervehti\u00e4 joka ikisen pikkulapsen, mummon ja vaarin sek\u00e4 l\u00e4hipiiriss\u00e4 n\u00e4kyv\u00e4t koirat. Kontaktia ja ohituksia harjoittelemme niin lenkeill\u00e4 kuin my\u00f6s sovituissa ohitustreeneiss\u00e4 muiden paikallisten koiranomistajien kanssa.<\/p>\n\n\n\n<p>Toinen haastava asia on harjaaminen kauluksen alueelta ja rinnasta. Virnalla on t\u00e4ll\u00e4 hetkell\u00e4 karvanl\u00e4ht\u00f6aika, mutta harjaaminen ei ole kovinkaan mieluista T\u00e4m\u00e4 n\u00e4kyy l\u00e4hinn\u00e4 pois l\u00e4htemisen\u00e4. Harjoittelemme harjaamista pieniss\u00e4 eriss\u00e4 ja koiran ehdoilla. Pient\u00e4 edistymist\u00e4 on ollut havaittavissa.<\/p>\n\n\n\n<p>Terveysongelmat ovat my\u00f6s v\u00e4lill\u00e4 vaivanneet, mutta ne ovat onneksi olleet aika pikkujuttuja ja parantuneet oikealla hoidolla. Mit\u00e4\u00e4n ylitsep\u00e4\u00e4sem\u00e4tt\u00f6mi\u00e4 haasteita meill\u00e4 ei ole.<\/p>\n\n\n\n<h4 class=\"wp-block-heading\"><strong>Kuka on koirasi paras kaveri?<\/strong><\/h4>\n\n\n\n<p>Virnalla ei ole yht\u00e4 parasta kaveria, vaan se tykk\u00e4\u00e4 olla ja leikki\u00e4 monenlaisten kulkijoiden kanssa. Virnalla on muutama itse\u00e4\u00e4n hieman nuorempi koirakaveri: australianpaimenkoira Lyyti ja bordercollie Roci. Lyytin kanssa on kiva k\u00e4yd\u00e4 mets\u00e4lenkeill\u00e4 \u2013 tosin v\u00e4lill\u00e4 Virna ei jaksa nollasta sataan kiihtyv\u00e4\u00e4 aussietytt\u00f6\u00e4. My\u00f6s Rocin kanssa on kiva k\u00e4yd\u00e4 mets\u00e4lenkeill\u00e4 tai ihan vain leikki\u00e4 vapaana sek\u00e4 opetella kommunikoimaan toisten koirien kanssa. Naapurin vanha l\u00e4nsiyl\u00e4maanterrieri Edi olisi Virnasta my\u00f6s oikein mieluisaa leikkiseuraa, mutta valitettavasti vanha herra ei jaksa Virnan h\u00f6ss\u00f6tyst\u00e4.<\/p>\n\n\n\n<figure class=\"wp-block-image size-large\"><img loading=\"lazy\" decoding=\"async\" width=\"2048\" height=\"1343\" src=\"https:\/\/i0.wp.com\/www.riemumielen.fi\/wp-content\/uploads\/2020\/05\/Virna3-scaled.jpg?fit=640%2C420&amp;ssl=1\" alt=\"\" class=\"wp-image-3303\" srcset=\"https:\/\/www.riemumielen.fi\/wp-content\/uploads\/2020\/05\/Virna3-scaled.jpg 2048w, https:\/\/www.riemumielen.fi\/wp-content\/uploads\/2020\/05\/Virna3-300x197.jpg 300w, https:\/\/www.riemumielen.fi\/wp-content\/uploads\/2020\/05\/Virna3-1024x672.jpg 1024w, https:\/\/www.riemumielen.fi\/wp-content\/uploads\/2020\/05\/Virna3-768x504.jpg 768w, https:\/\/www.riemumielen.fi\/wp-content\/uploads\/2020\/05\/Virna3-1536x1008.jpg 1536w\" sizes=\"auto, (max-width: 2048px) 100vw, 2048px\" \/><figcaption>Virna ja koirakaveri Lyyti leikkim\u00e4ss\u00e4. <\/figcaption><\/figure>\n\n\n\n<p>Koirien lis\u00e4ksi Virna on kiinnostunut poneista ja hevosista, mutta on onneksi oppinut pysym\u00e4\u00e4n turvallisen et\u00e4isyyden p\u00e4\u00e4ss\u00e4.<\/p>\n\n\n\n<h4 class=\"wp-block-heading\"><strong>Mik\u00e4 on koirasi lempipuuhaa?<\/strong><\/h4>\n\n\n\n<p>Ehk\u00e4 kaikista mieluisinta Virnalle on keppien l\u00f6yt\u00e4minen ja kantaminen lenkeill\u00e4 \u2013 osa on p\u00e4\u00e4tynyt kotipihaan asti \u2013 sek\u00e4 ojissa kahlailu. My\u00f6s koirakavereiden kanssa lenkkeily ja leikkiminen ovat mieluisia puuhia. Arkijutuissa, olkoonkin se sitten vaikka ruoanlaittoa, siivoamista tai t\u00f6iden tekoa, pit\u00e4\u00e4 aina olla mukana. Lankakerien varastaminen ja sotkeminen on my\u00f6s todella hauskaa \u2013 Virnasta, ei omistajasta.<\/p>\n\n\n\n<p>Tokon, temppujen tai mink\u00e4 tahansa treenaamiseen Virna on my\u00f6s aina valmis. Erityisesti tarjoamisen kautta oppiminen on Virnalle todella ominaista ja se n\u00e4ytt\u00e4\u00e4 nauttivan siit\u00e4, kun saa tarjoamalla ehdotella erilaisia toimintatapoja. Yksitt\u00e4isist\u00e4 treenijutuista mieluisimpia taitavat olla kartion kiert\u00e4minen ja putken l\u00e4pi juokseminen. Motivaatio treenaamiseen pysyy kauan yll\u00e4 ja monenlainen palkka kelpaa.<\/p>\n\n\n\n<h4 class=\"wp-block-heading\"><strong>Harrastatko jotain koiran kanssa?<\/strong><\/h4>\n\n\n\n<p>Halusin Virnasta nimenomaan harrastuskoiran, joten jo vaikka mit\u00e4 on tullut kokeiltua!<\/p>\n\n\n\n<p>T\u00e4m\u00e4n hetken p\u00e4\u00e4lajimme Virnan kanssa on toko (eli tottelevaisuuskoulutus) ja siin\u00e4 haaveilen kokeiden aloittamisesta syksyll\u00e4, kun olemme saaneet tarpeeksi varmuutta kaikkiin alokasluokan liikkeisiin \u2013 erityisesti seuraaminen kaipaa pitk\u00e4j\u00e4nteisyytt\u00e4 sek\u00e4 kest\u00e4v\u00e4mp\u00e4\u00e4 kontaktia ja kapulan pidon harjoittelu on viel\u00e4 aika alkuvaiheessa.<\/p>\n\n\n\n<p>Tokon lis\u00e4ksi olemme jo ehtineet kokeilla my\u00f6s pentuagility\u00e4, n\u00e4yttelyiss\u00e4 k\u00e4ynti\u00e4, paimennusta, rallytokoa ja noseworki\u00e4. Agilityss\u00e4 k\u00e4vimme paikallisen palveluskoiraseuran agilityn taitoihin valmistavan pentukurssin, ja Virna sai siell\u00e4 ihanan paljon lis\u00e4\u00e4 virtaa ja r\u00e4v\u00e4kkyytt\u00e4 olemukseensa. Kes\u00e4ll\u00e4 olisi toiveena k\u00e4yd\u00e4 agilityn alkeiskurssi, mutta ei ole viel\u00e4 varmaa j\u00e4rjestet\u00e4\u00e4nk\u00f6 sit\u00e4. N\u00e4yttelyiden osalta olemme ehtineet k\u00e4yd\u00e4 vasta yhdess\u00e4 pentun\u00e4yttelyss\u00e4 ja yhdess\u00e4 match showssa sek\u00e4 muutamassa paikallisen kennelyhdistyksen n\u00e4yttelyharjoituksessa. Kev\u00e4\u00e4lle ja kes\u00e4lle oli kaavailtu seuraavat n\u00e4yttelyk\u00e4ynnit, mutta ne nyt peruuntuivat tai siirtyiv\u00e4t syksyyn. Seuraavat n\u00e4yttelyt ovat sitten kenties syyskuussa.<\/p>\n\n\n\n<figure class=\"wp-block-image size-large\"><img loading=\"lazy\" decoding=\"async\" width=\"2048\" height=\"1365\" src=\"https:\/\/i1.wp.com\/www.riemumielen.fi\/wp-content\/uploads\/2020\/05\/Virna4-scaled.jpg?fit=640%2C426&amp;ssl=1\" alt=\"\" class=\"wp-image-3305\" srcset=\"https:\/\/www.riemumielen.fi\/wp-content\/uploads\/2020\/05\/Virna4-scaled.jpg 2048w, https:\/\/www.riemumielen.fi\/wp-content\/uploads\/2020\/05\/Virna4-300x200.jpg 300w, https:\/\/www.riemumielen.fi\/wp-content\/uploads\/2020\/05\/Virna4-1024x682.jpg 1024w, https:\/\/www.riemumielen.fi\/wp-content\/uploads\/2020\/05\/Virna4-768x512.jpg 768w, https:\/\/www.riemumielen.fi\/wp-content\/uploads\/2020\/05\/Virna4-1536x1023.jpg 1536w, https:\/\/www.riemumielen.fi\/wp-content\/uploads\/2020\/05\/Virna4-750x500.jpg 750w\" sizes=\"auto, (max-width: 2048px) 100vw, 2048px\" \/><figcaption>Kymmenkuinen Virna j\u00e4rven j\u00e4\u00e4ll\u00e4. <\/figcaption><\/figure>\n\n\n\n<p>Paimennusta olemme k\u00e4yneet vasta kerran kokeilemassa, mutta Virnalla oli sen verran voimakas paimennusvietti ja meill\u00e4 oli molemmilla hauskaa, ett\u00e4 pari paimennuskurssia kes\u00e4lle ja syksylle on jo varattuna ja aikataulutettuna. Haaveilen ainakin paimennuksen taipumuskokeeseen osallistumisesta Virnan kanssa. My\u00f6s rallytokoa olemme vasta kerran kokeilleet harjoituskoirakkona. Rallytoko on pidemp\u00e4\u00e4n ollut lajihaavelistallani, joten kyll\u00e4 me jossain vaiheessa aloitamme rallytokonkin kunnolla. Nyt vain p\u00e4\u00e4paino on tokossa.<\/p>\n\n\n\n<p>Kotona olemme hieman harjoitelleet eukalyptuksen, laakerinlehden ja laventelin tunnistusta ja etsint\u00e4\u00e4 sis\u00e4tiloissa. T\u00e4m\u00e4 kotinose on oikein hyv\u00e4\u00e4 ajanvietett\u00e4 ja koiran aktivointia varsinkin nyt kiireiseen poikkeusaikaan. Suurempia haaveita tai tavoitteita t\u00e4h\u00e4n lajiin ei kuitenkaan (ainakaan viel\u00e4) liity.<\/p>\n\n\n\n<h4 class=\"wp-block-heading\"><strong>Omistajan terveiset muille collienomistajille<\/strong><\/h4>\n\n\n\n<p>Colliekansa tuntuu olevan hyvin huumorintajuista ja auttavaista porukkaa. On ollut ilo tulla osaksi teid\u00e4n joukkoanne. Hyvin vahvasti ep\u00e4ilen, ettei Virna j\u00e4\u00e4 ainoaksi pitk\u00e4karvaiseksi colliekseni, vaan joukkoon liittyy jonkun vuoden p\u00e4\u00e4st\u00e4 seuraava. N\u00e4in ihanaksi t\u00e4m\u00e4 rotu on osoittautunut!<\/p>\n\n\n\n<p><strong>Suuri kiitos Virnan esittelyst\u00e4 Lotalle!<\/strong><\/p>\n","protected":false},"excerpt":{"rendered":"<p>T\u00e4m\u00e4 blogikirjoitus jatkaa \u201cRiemumieli esitt\u00e4ytyy\u201d &#8211;osiota, jossa nousevat estradille Riemumielen pitk\u00e4karvaiset colliet kolmesta eri pentueesta, omistajiensa esittelemin\u00e4. Esittelyss\u00e4 on aina yksi Riemumielen kennelnimelle rekister\u00f6ity pitk\u00e4karvainen collie kerrallaan. Riemumielen Tulen Suutelema eli Virna T\u00e4ll\u00e4 kertaa esittelyvuorossa on Virna, yksivuotias narttucollie Riemumielen kolmannesta pentueesta. T\u00e4ss\u00e4 Sansan ja Pablon pentueessa on kolme urosta ja kolme narttua, jotka ovat [&hellip;]<\/p>\n","protected":false},"author":1,"featured_media":3298,"comment_status":"open","ping_status":"open","sticky":false,"template":"","format":"standard","meta":{"_exactmetrics_skip_tracking":false,"_exactmetrics_sitenote_active":false,"_exactmetrics_sitenote_note":"","_exactmetrics_sitenote_category":0,"footnotes":""},"categories":[79],"tags":[202,905],"class_list":["post-3177","post","type-post","status-publish","format-standard","has-post-thumbnail","hentry","category-pentueet","tag-riemumieli-esittaytyy","tag-virna"],"_links":{"self":[{"href":"https:\/\/www.riemumielen.fi\/en\/wp-json\/wp\/v2\/posts\/3177","targetHints":{"allow":["GET"]}}],"collection":[{"href":"https:\/\/www.riemumielen.fi\/en\/wp-json\/wp\/v2\/posts"}],"about":[{"href":"https:\/\/www.riemumielen.fi\/en\/wp-json\/wp\/v2\/types\/post"}],"author":[{"embeddable":true,"href":"https:\/\/www.riemumielen.fi\/en\/wp-json\/wp\/v2\/users\/1"}],"replies":[{"embeddable":true,"href":"https:\/\/www.riemumielen.fi\/en\/wp-json\/wp\/v2\/comments?post=3177"}],"version-history":[{"count":0,"href":"https:\/\/www.riemumielen.fi\/en\/wp-json\/wp\/v2\/posts\/3177\/revisions"}],"wp:featuredmedia":[{"embeddable":true,"href":"https:\/\/www.riemumielen.fi\/en\/wp-json\/wp\/v2\/media\/3298"}],"wp:attachment":[{"href":"https:\/\/www.riemumielen.fi\/en\/wp-json\/wp\/v2\/media?parent=3177"}],"wp:term":[{"taxonomy":"category","embeddable":true,"href":"https:\/\/www.riemumielen.fi\/en\/wp-json\/wp\/v2\/categories?post=3177"},{"taxonomy":"post_tag","embeddable":true,"href":"https:\/\/www.riemumielen.fi\/en\/wp-json\/wp\/v2\/tags?post=3177"}],"curies":[{"name":"wp","href":"https:\/\/api.w.org\/{rel}","templated":true}]}}