{"id":10264,"date":"2022-04-20T15:43:37","date_gmt":"2022-04-20T12:43:37","guid":{"rendered":"https:\/\/www.riemumielen.fi\/?p=10264"},"modified":"2022-04-21T09:57:18","modified_gmt":"2022-04-21T06:57:18","slug":"tervetuloa-uusi-laumanjasen-luna","status":"publish","type":"post","link":"https:\/\/www.riemumielen.fi\/en\/kissat\/tervetuloa-uusi-laumanjasen-luna\/","title":{"rendered":"Tervetuloa uusi laumanj\u00e4sen Luna!"},"content":{"rendered":"\n<p>Nyt koirablogissani seuraa vaihteeksi kissa-asiaa, koska laumaamme tuli uusi s\u00f6p\u00f6 kissaj\u00e4sen. Mustavalkoinen maatiaiskissatytt\u00f6 Luna liittyi viiden collienartun ja yhden kollikissan joukkoon tammikuun alussa. Luna on noin yksivuotias pieni maatiaiskissatytt\u00f6, joka muutti meille <a href=\"https:\/\/www.onnentassu.fi\/adoptoi-lemmikki\/\" target=\"_blank\" rel=\"noreferrer noopener\">Onnentassu el\u00e4insuojelukeskuksesta<\/a>. Se on kotiutunut meille nyt noin nelj\u00e4n kuukauden ajan, ja kaikki on sujunut yll\u00e4tt\u00e4v\u00e4n hyvin. <\/p>\n\n\n\n<figure class=\"wp-block-gallery has-nested-images columns-default is-cropped wp-block-gallery-1 is-layout-flex wp-block-gallery-is-layout-flex\">\n<figure class=\"wp-block-image size-large\"><img loading=\"lazy\" decoding=\"async\" width=\"768\" height=\"1024\" data-id=\"11669\" src=\"https:\/\/www.riemumielen.fi\/wp-content\/uploads\/2022\/04\/IMG_6396-768x1024.jpeg\" alt=\"\" class=\"wp-image-11669\" srcset=\"https:\/\/www.riemumielen.fi\/wp-content\/uploads\/2022\/04\/IMG_6396-768x1024.jpeg 768w, https:\/\/www.riemumielen.fi\/wp-content\/uploads\/2022\/04\/IMG_6396-225x300.jpeg 225w, https:\/\/www.riemumielen.fi\/wp-content\/uploads\/2022\/04\/IMG_6396-1152x1536.jpeg 1152w, https:\/\/www.riemumielen.fi\/wp-content\/uploads\/2022\/04\/IMG_6396-87x116.jpeg 87w, https:\/\/www.riemumielen.fi\/wp-content\/uploads\/2022\/04\/IMG_6396.jpeg 1536w\" sizes=\"auto, (max-width: 768px) 100vw, 768px\" \/><\/figure>\n\n\n\n<figure class=\"wp-block-image size-large\"><img loading=\"lazy\" decoding=\"async\" width=\"768\" height=\"1024\" data-id=\"11676\" src=\"https:\/\/www.riemumielen.fi\/wp-content\/uploads\/2021\/12\/IMG_6299-768x1024.jpeg\" alt=\"\" class=\"wp-image-11676\" srcset=\"https:\/\/www.riemumielen.fi\/wp-content\/uploads\/2021\/12\/IMG_6299-768x1024.jpeg 768w, https:\/\/www.riemumielen.fi\/wp-content\/uploads\/2021\/12\/IMG_6299-225x300.jpeg 225w, https:\/\/www.riemumielen.fi\/wp-content\/uploads\/2021\/12\/IMG_6299-1152x1536.jpeg 1152w, https:\/\/www.riemumielen.fi\/wp-content\/uploads\/2021\/12\/IMG_6299-87x116.jpeg 87w, https:\/\/www.riemumielen.fi\/wp-content\/uploads\/2021\/12\/IMG_6299.jpeg 1536w\" sizes=\"auto, (max-width: 768px) 100vw, 768px\" \/><\/figure>\n\n\n\n<figure class=\"wp-block-image size-large\"><img loading=\"lazy\" decoding=\"async\" width=\"768\" height=\"1024\" data-id=\"11674\" src=\"https:\/\/www.riemumielen.fi\/wp-content\/uploads\/2022\/04\/IMG_6176-768x1024.jpeg\" alt=\"\" class=\"wp-image-11674\" srcset=\"https:\/\/www.riemumielen.fi\/wp-content\/uploads\/2022\/04\/IMG_6176-768x1024.jpeg 768w, https:\/\/www.riemumielen.fi\/wp-content\/uploads\/2022\/04\/IMG_6176-225x300.jpeg 225w, https:\/\/www.riemumielen.fi\/wp-content\/uploads\/2022\/04\/IMG_6176-1152x1536.jpeg 1152w, https:\/\/www.riemumielen.fi\/wp-content\/uploads\/2022\/04\/IMG_6176-87x116.jpeg 87w, https:\/\/www.riemumielen.fi\/wp-content\/uploads\/2022\/04\/IMG_6176.jpeg 1536w\" sizes=\"auto, (max-width: 768px) 100vw, 768px\" \/><\/figure>\n<figcaption class=\"blocks-gallery-caption\">Luna on noin yksivuotias lyhytkarvainen maatiaiskissa.<\/figcaption><\/figure>\n\n\n\n<h4 class=\"wp-block-heading\">Kissakriisi sai etsim\u00e4\u00e4n aikuista koditonta kissaa<\/h4>\n\n\n\n<p>I\u00e4k\u00e4s naaraskissamme Smilla menehtyi viime vuonna, jonka j\u00e4lkeen american curl kollikissa Sisu j\u00e4i kaipaamaan suuresti kissakaveria ja huuteli kaverin per\u00e4\u00e4n. Sen vuoksi l\u00e4hdin pohtimaan, mist\u00e4 meille l\u00f6ytyisi toinen kissa. Olin lukenut Suomessa vallitsevasta kissakriisist\u00e4 ja olin p\u00e4\u00e4tt\u00e4nyt jo vuosia aiemmin, ett\u00e4 jos viel\u00e4 otan kissan, se on ehdottomasti vain koditon aikuinen kissa el\u00e4insuojelukeskuksen kautta. Suomessa on valtava m\u00e4\u00e4r\u00e4 kodittomia kissoja, enk\u00e4 siksi voinut kuvitella ottavani t\u00e4ll\u00e4 hetkell\u00e4 rotukissaa tai kissanpentua. Voit lukea kissakriisist\u00e4 esimerkiksi Seyn sivuilta: <a href=\"https:\/\/sey.fi\/kissakriisi\/\" target=\"_blank\" rel=\"noopener\">Ratkaistaan kissakriisi &#8211; SEY Suomen el\u00e4insuojelu<\/a><\/p>\n\n\n\n<p>Toivoin etuk\u00e4teen erityisesti rohkeaa, k\u00e4sitelt\u00e4viss\u00e4 olevaa, mieluiten jo koiriin tottunutta aikuista kissaa ja t\u00e4ytin sellaisesta pariin el\u00e4insuojelukeskukseen adoptiohakemuksen. Lis\u00e4ksi ilmoitin, ettei ulkon\u00e4\u00f6ll\u00e4 tai sukupuolella ole mit\u00e4\u00e4n v\u00e4li\u00e4. Hakemuksiini ei kuitenkaan koskaan tullut mink\u00e4\u00e4nlaista vastausta. El\u00e4insuojelutoimintahan py\u00f6rii p\u00e4\u00e4asiassa vapaaehtoisvoimin, joten ehk\u00e4 adoptiotiedusteluihin ei yksinkertaisesti ehditty vastata tai toivotunlaisia kissoja ei ollut kotia etsim\u00e4ss\u00e4. <\/p>\n\n\n\n<h4 class=\"wp-block-heading\">Luna l\u00f6ytyi el\u00e4insuojelukeskus Onnentassun kautta<\/h4>\n\n\n\n<p>Lopulta k\u00e4vimme joulukuun lopussa tutustumassa paikan p\u00e4\u00e4ll\u00e4 <a href=\"https:\/\/www.onnentassu.fi\/adoptoi-lemmikki\/\" target=\"_blank\" rel=\"noreferrer noopener\">el\u00e4insuojelukeskus Onnentassussa<\/a> Riihim\u00e4ell\u00e4 kotia etsiviin kissoihin ja pieni mustavalkoinen Luna j\u00e4i heti ensimm\u00e4isell\u00e4 k\u00e4yntikerralla mieleen. Meille esiteltiin el\u00e4insuojelukeskuksen kissahuoneissa useita monen ik\u00e4isi\u00e4 kodittomia kissoja, joista osa on todenn\u00e4k\u00f6isesti etsinyt kotia jo pidemp\u00e4\u00e4. Syd\u00e4n s\u00e4rkyy, kun ajattelen niit\u00e4 odottamassa omaa kotiaan. Pikkuinen Luna katseli meit\u00e4 uteliaana yhdest\u00e4 h\u00e4kkitilasta lasisein\u00e4n takaa, jossa se asui muutaman sisaruksensa kanssa. Se ei vaikuttanut s\u00e4ikkyv\u00e4n ihmisi\u00e4 tai v\u00e4ist\u00e4v\u00e4n lasisein\u00e4\u00e4 l\u00e4hestyv\u00e4\u00e4 k\u00e4tt\u00e4, eik\u00e4 vet\u00e4ytynyt piiloon. Sen nimi el\u00e4insuojelukeskuksessa asuessaan oli Ilmatar ja se vaikutti suhteellisen rohkealta nuorelta kissatyt\u00f6lt\u00e4. <\/p>\n\n\n\n<p>Meille kerrottiin, ett\u00e4 Luna on noin yksivuotias arka entinen populaatiokissa, joka ei ole koskaan asunut normaaleissa kotiolosuhteissa, mutta ei my\u00f6sk\u00e4\u00e4n ulkokissana. Sill\u00e4 ei ole ollut onneksi omia pentueita, joka ei valitettavasti olisi mahdotonta i\u00e4n puolesta. Voimakkaaseenkin arkuuteen ja pitk\u00e4\u00e4n kotiutumisaikaan oli siis asennoiduttava sen kanssa, eik\u00e4 se ollut tottunut koiriin. Siksi en tehnyt Lunasta heti varausta, vaan j\u00e4in py\u00f6rittelem\u00e4\u00e4n ajatusta mieless\u00e4ni noin viikon ajaksi, mutta en saanut t\u00e4t\u00e4 mustavalkoista kissaa mielest\u00e4ni. Niinp\u00e4 soitin Onnentassuun ja tein varauksen Lunasta. Kun sen tiet\u00e4\u00e4, sen tiet\u00e4\u00e4.<\/p>\n\n\n\n<figure class=\"wp-block-gallery has-nested-images columns-default is-cropped wp-block-gallery-2 is-layout-flex wp-block-gallery-is-layout-flex\">\n<figure class=\"wp-block-image size-large\"><img loading=\"lazy\" decoding=\"async\" width=\"768\" height=\"1024\" data-id=\"11672\" src=\"https:\/\/www.riemumielen.fi\/wp-content\/uploads\/2022\/04\/IMG_6326-768x1024.jpeg\" alt=\"\" class=\"wp-image-11672\" srcset=\"https:\/\/www.riemumielen.fi\/wp-content\/uploads\/2022\/04\/IMG_6326-768x1024.jpeg 768w, https:\/\/www.riemumielen.fi\/wp-content\/uploads\/2022\/04\/IMG_6326-225x300.jpeg 225w, https:\/\/www.riemumielen.fi\/wp-content\/uploads\/2022\/04\/IMG_6326-1152x1536.jpeg 1152w, https:\/\/www.riemumielen.fi\/wp-content\/uploads\/2022\/04\/IMG_6326-87x116.jpeg 87w, https:\/\/www.riemumielen.fi\/wp-content\/uploads\/2022\/04\/IMG_6326.jpeg 1536w\" sizes=\"auto, (max-width: 768px) 100vw, 768px\" \/><\/figure>\n\n\n\n<figure class=\"wp-block-image size-large\"><img loading=\"lazy\" decoding=\"async\" width=\"768\" height=\"1024\" data-id=\"11671\" src=\"https:\/\/www.riemumielen.fi\/wp-content\/uploads\/2022\/04\/IMG_6327-768x1024.jpeg\" alt=\"\" class=\"wp-image-11671\" srcset=\"https:\/\/www.riemumielen.fi\/wp-content\/uploads\/2022\/04\/IMG_6327-768x1024.jpeg 768w, https:\/\/www.riemumielen.fi\/wp-content\/uploads\/2022\/04\/IMG_6327-225x300.jpeg 225w, https:\/\/www.riemumielen.fi\/wp-content\/uploads\/2022\/04\/IMG_6327-1152x1536.jpeg 1152w, https:\/\/www.riemumielen.fi\/wp-content\/uploads\/2022\/04\/IMG_6327-87x116.jpeg 87w, https:\/\/www.riemumielen.fi\/wp-content\/uploads\/2022\/04\/IMG_6327.jpeg 1536w\" sizes=\"auto, (max-width: 768px) 100vw, 768px\" \/><\/figure>\n\n\n\n<figure class=\"wp-block-image size-large\"><img loading=\"lazy\" decoding=\"async\" width=\"768\" height=\"1024\" data-id=\"11673\" src=\"https:\/\/www.riemumielen.fi\/wp-content\/uploads\/2022\/04\/IMG_6408-1-768x1024.jpeg\" alt=\"\" class=\"wp-image-11673\" srcset=\"https:\/\/www.riemumielen.fi\/wp-content\/uploads\/2022\/04\/IMG_6408-1-768x1024.jpeg 768w, https:\/\/www.riemumielen.fi\/wp-content\/uploads\/2022\/04\/IMG_6408-1-225x300.jpeg 225w, https:\/\/www.riemumielen.fi\/wp-content\/uploads\/2022\/04\/IMG_6408-1-1152x1536.jpeg 1152w, https:\/\/www.riemumielen.fi\/wp-content\/uploads\/2022\/04\/IMG_6408-1-87x116.jpeg 87w, https:\/\/www.riemumielen.fi\/wp-content\/uploads\/2022\/04\/IMG_6408-1.jpeg 1536w\" sizes=\"auto, (max-width: 768px) 100vw, 768px\" \/><\/figure>\n\n\n\n<figure class=\"wp-block-image size-large\"><img loading=\"lazy\" decoding=\"async\" width=\"1024\" height=\"768\" data-id=\"11670\" src=\"https:\/\/www.riemumielen.fi\/wp-content\/uploads\/2022\/04\/273889892_243520321314374_4756159170045683798_n-1024x768.jpg\" alt=\"\" class=\"wp-image-11670\" srcset=\"https:\/\/www.riemumielen.fi\/wp-content\/uploads\/2022\/04\/273889892_243520321314374_4756159170045683798_n-1024x768.jpg 1024w, https:\/\/www.riemumielen.fi\/wp-content\/uploads\/2022\/04\/273889892_243520321314374_4756159170045683798_n-300x225.jpg 300w, https:\/\/www.riemumielen.fi\/wp-content\/uploads\/2022\/04\/273889892_243520321314374_4756159170045683798_n-768x576.jpg 768w, https:\/\/www.riemumielen.fi\/wp-content\/uploads\/2022\/04\/273889892_243520321314374_4756159170045683798_n-1536x1152.jpg 1536w, https:\/\/www.riemumielen.fi\/wp-content\/uploads\/2022\/04\/273889892_243520321314374_4756159170045683798_n-155x116.jpg 155w, https:\/\/www.riemumielen.fi\/wp-content\/uploads\/2022\/04\/273889892_243520321314374_4756159170045683798_n.jpg 2000w\" sizes=\"auto, (max-width: 1024px) 100vw, 1024px\" \/><\/figure>\n<figcaption class=\"blocks-gallery-caption\">Mustavalkoinen Luna ja punainen american curl Sisu k\u00f6ll\u00f6ttelem\u00e4ss\u00e4. Luna on paljon Sisua pienempi, vaikka osassa kuvista kuvakulma n\u00e4ytt\u00e4isi muuta.<\/figcaption><\/figure>\n\n\n\n<p>Onnentassusta kissat luovutetaan vain sis\u00e4kissoiksi el\u00e4inl\u00e4\u00e4k\u00e4rin tarkastamina, loish\u00e4\u00e4dettyin\u00e4, rokotettuina, steriloituina\/kastroituina, hammashoidettuina sek\u00e4 sirutettuina ja siru rekister\u00f6ityn\u00e4. On todella t\u00e4rke\u00e4\u00e4, ett\u00e4 kissaongelman ratkaisemiseksi kissojen leikkaamisesta teht\u00e4isi k\u00e4yt\u00e4nt\u00f6. Haimme pikkuisen Lunan kotiin heti tammikuun ensimm\u00e4isen\u00e4 p\u00e4iv\u00e4n\u00e4. Se oli hyvin hiljaa ja silm\u00e4t py\u00f6rein\u00e4 kuljetush\u00e4kiss\u00e4 ensimm\u00e4isell\u00e4 automatkallaan kohti uutta kotia. Senk\u00e4\u00e4n j\u00e4lkeen se ei ole ainakaan viel\u00e4 maukunut kertaakaan, ja t\u00e4m\u00e4 hiljaisuus on ilmeisesti tyypillist\u00e4 v\u00e4h\u00e4ll\u00e4 ihmiskontaktilla kasvaneille kissoille.<\/p>\n\n\n\n<h4 class=\"wp-block-heading\">Rohkaistumista varovaisen alun j\u00e4lkeen <\/h4>\n\n\n\n<p>Uudessa kodissa Luna arasteli alkuun voimakkaasti ja piileskeli ihmisi\u00e4 ensimm\u00e4iset viikot p\u00e4\u00e4asiassa \u00f6isin liikkuen, mutta se oli selv\u00e4sti todella utelias. Ihmiset kiinnostivat sit\u00e4 tosi paljon alusta asti, mutta silti pohdin, tuleeko kotiutumisesta mit\u00e4\u00e4n arkuuden vuoksi. Suuri uteliaisuus ja ahneus ruokaan toivat sen v\u00e4hitellen ulos kuorestaan ja se uskalsi varovasti alkaa luottamaan ihmisiins\u00e4, eik\u00e4 s\u00e4nn\u00e4nnyt heti piiloon, kun liikuimme. Toinen kissamme american curl kolli Sisu on valtavan yst\u00e4v\u00e4llinen, joten siihen Lunan oli helppo tutustua heti ensimm\u00e4isist\u00e4 p\u00e4ivist\u00e4 alkaen. Sisu antoi hyv\u00e4\u00e4 esimerkki\u00e4 ja auttoi Lunaa rohkaistumaan. Collielaumaamme Luna on tutustunut vasta varovaisesti ja hitaasti, omien ehtojensa mukaan. Sill\u00e4 on aina mahdollisuus olla omassa rauhassaan yl\u00e4kerrassa, johon koirilla ei ole p\u00e4\u00e4sy\u00e4.<\/p>\n\n\n\n<p>Luna on nelj\u00e4s kissani, joten minulle on jo kertynyt osaamista kissojen kanssa, enk\u00e4 ole t\u00e4ysi aloittelija kissojen osalta. Aiemmat kissani ovat kuitenkin tulleet kotioloista pentuina, eik\u00e4 minulla ollut ennest\u00e4\u00e4n kokemusta aikuisen populaatiokissan kesytt\u00e4misest\u00e4. Olen positiivisesti yll\u00e4ttynyt, miten hyvin kaikki on sujunut toistaiseksi ensimm\u00e4isten nelj\u00e4n yhteisen kuukauden perusteella. Luna on hyvin hellyydenkipe\u00e4 ja yst\u00e4v\u00e4llinen kissa, jonka k\u00e4sittelytoimenpiteit\u00e4 harjoitellaan edelleen hitaasti edeten. Ruoka maistuu hyvin, leikkiminen on hauskaa ja se on alusta asti k\u00e4ytt\u00e4nyt siististi hiekkalaatikkoa. Silittely ja rapsuttelu on sen mielest\u00e4 huippujuttuja, mutta yl\u00f6s nostaminen tai kynsien leikkaus ei viel\u00e4 onnistu sujuvasti. Onneksi se on turkinpituudeltaan lyhytkarvainen eli ainakin sen turkinhoito tulee olemaan todella helppoa.<\/p>\n\n\n\n<h4 class=\"wp-block-heading\">Koditon kissa omaan kotiin?<\/h4>\n\n\n\n<p>Tied\u00e4n, ett\u00e4 moni koirablogini lukija toivoo hartaasti omaa pitk\u00e4karvaisen collien pentua el\u00e4m\u00e4\u00e4ns\u00e4. Olisiko syd\u00e4mess\u00e4 ja kodissa ehk\u00e4 tilaa my\u00f6s kodittomalle aikuiselle kissalle? Itse etsin kissaa esimerkiksi n\u00e4ist\u00e4 sivustoista:<br><a href=\"https:\/\/www.onnentassu.fi\/adoptoi-lemmikki\/\" target=\"_blank\" rel=\"noopener\">Adoptoi lemmikki &#8211; Onnentassu<\/a><br><a href=\"https:\/\/www.hesy.fi\/lemmikki-hesysta-2\/kissat\/\" target=\"_blank\" rel=\"noopener\">Kissat &#8211; HESY<\/a><br><a href=\"https:\/\/kodittomat.info\/\" target=\"_blank\" rel=\"noopener\">Kodittomat.info &#8211; Kotia etsivi\u00e4 koiria, kissoja ja muita lemmikkej\u00e4.<\/a><\/p>\n","protected":false},"excerpt":{"rendered":"<p>Nyt koirablogissani seuraa vaihteeksi kissa-asiaa, koska laumaamme tuli uusi s\u00f6p\u00f6 kissaj\u00e4sen. Mustavalkoinen maatiaiskissatytt\u00f6 Luna liittyi viiden collienartun ja yhden kollikissan joukkoon tammikuun alussa. Luna on noin yksivuotias pieni maatiaiskissatytt\u00f6, joka muutti meille Onnentassu el\u00e4insuojelukeskuksesta. Se on kotiutunut meille nyt noin nelj\u00e4n kuukauden ajan, ja kaikki on sujunut yll\u00e4tt\u00e4v\u00e4n hyvin. Kissakriisi sai etsim\u00e4\u00e4n aikuista koditonta kissaa [&hellip;]<\/p>\n","protected":false},"author":1,"featured_media":11670,"comment_status":"open","ping_status":"open","sticky":false,"template":"","format":"standard","meta":{"_exactmetrics_skip_tracking":false,"_exactmetrics_sitenote_active":false,"_exactmetrics_sitenote_note":"","_exactmetrics_sitenote_category":0,"footnotes":""},"categories":[1184,661],"tags":[1187,1308,1307,1306,1188,1185,1143,664,1186,1305],"class_list":["post-10264","post","type-post","status-publish","format-standard","has-post-thumbnail","hentry","category-kissat","category-lauman-kuulumiset","tag-adoptio","tag-adoptiokissa","tag-elainsuojelu","tag-elainsuojelukeskus","tag-kissakriisi","tag-koditon","tag-kotikissa","tag-maatiaiskissa","tag-onnentassu","tag-populaatiokissa"],"_links":{"self":[{"href":"https:\/\/www.riemumielen.fi\/en\/wp-json\/wp\/v2\/posts\/10264","targetHints":{"allow":["GET"]}}],"collection":[{"href":"https:\/\/www.riemumielen.fi\/en\/wp-json\/wp\/v2\/posts"}],"about":[{"href":"https:\/\/www.riemumielen.fi\/en\/wp-json\/wp\/v2\/types\/post"}],"author":[{"embeddable":true,"href":"https:\/\/www.riemumielen.fi\/en\/wp-json\/wp\/v2\/users\/1"}],"replies":[{"embeddable":true,"href":"https:\/\/www.riemumielen.fi\/en\/wp-json\/wp\/v2\/comments?post=10264"}],"version-history":[{"count":55,"href":"https:\/\/www.riemumielen.fi\/en\/wp-json\/wp\/v2\/posts\/10264\/revisions"}],"predecessor-version":[{"id":11728,"href":"https:\/\/www.riemumielen.fi\/en\/wp-json\/wp\/v2\/posts\/10264\/revisions\/11728"}],"wp:featuredmedia":[{"embeddable":true,"href":"https:\/\/www.riemumielen.fi\/en\/wp-json\/wp\/v2\/media\/11670"}],"wp:attachment":[{"href":"https:\/\/www.riemumielen.fi\/en\/wp-json\/wp\/v2\/media?parent=10264"}],"wp:term":[{"taxonomy":"category","embeddable":true,"href":"https:\/\/www.riemumielen.fi\/en\/wp-json\/wp\/v2\/categories?post=10264"},{"taxonomy":"post_tag","embeddable":true,"href":"https:\/\/www.riemumielen.fi\/en\/wp-json\/wp\/v2\/tags?post=10264"}],"curies":[{"name":"wp","href":"https:\/\/api.w.org\/{rel}","templated":true}]}}