{"id":2952,"date":"2020-05-01T07:25:23","date_gmt":"2020-05-01T04:25:23","guid":{"rendered":"https:\/\/www.riemumielen.fi\/?p=2952"},"modified":"2021-06-24T11:33:47","modified_gmt":"2021-06-24T08:33:47","slug":"riemumieli-esittaytyy-lyyti","status":"publish","type":"post","link":"https:\/\/www.riemumielen.fi\/de\/pentueet\/riemumieli-esittaytyy-lyyti\/","title":{"rendered":"Riemumieli esitt\u00e4ytyy: Lyyti"},"content":{"rendered":"\n<p>T\u00e4m\u00e4 blogikirjoitus jatkaa<strong> \u201cRiemumieli esitt\u00e4ytyy\u201d<\/strong> -osiota, jossa nousevat estradille Riemumielen pitk\u00e4karvaiset colliet kolmesta eri pentueesta, omistajiensa esittelemin\u00e4. Esittelyss\u00e4 on aina yksi Riemumielen kennelnimelle rekister\u00f6ity pitk\u00e4karvainen collie kerrallaan.<\/p>\n\n\n\n<h4 class=\"wp-block-heading\">Riemumielen Mets\u00e4n Haltija eli Lyyti<\/h4>\n\n\n\n<p>T\u00e4ll\u00e4 kertaa esittelyvuorossa on Lyyti, narttucollie Riemumielen ensimm\u00e4isest\u00e4 pentueesta eli <a href=\"https:\/\/www.riemumielen.fi\/pentueet\/riemumielen-1-pentue-karhunpennut\/\" target=\"_blank\" rel=\"noreferrer noopener\">Karhunpennuista<\/a>. T\u00e4ss\u00e4 <a href=\"https:\/\/www.riemumielen.fi\/koiramme\/riemu\/\" target=\"_blank\" rel=\"noreferrer noopener\">Riemun<\/a> ja <a href=\"https:\/\/jalostus.kennelliitto.fi\/frmKoira.aspx?RekNo=FI17499%2F09\" target=\"_blank\" rel=\"noreferrer noopener\">Jackyn<\/a> pentueessa on nelj\u00e4 urosta ja kolme narttua, ja kaikki ovat v\u00e4rilt\u00e4\u00e4n soopeleita.<\/p>\n\n\n\n<ul class=\"wp-block-list\"><li><strong>Virallinen nimi:<\/strong> <a href=\"https:\/\/jalostus.kennelliitto.fi\/frmKoira.aspx?RekNo=FI25450\/16&amp;R=156\" target=\"_blank\" rel=\"noreferrer noopener\">Riemumielen Mets\u00e4n Haltija <\/a><\/li><li><strong>Kutsumanimi:<\/strong> Lyyti <\/li><li><strong>Syntym\u00e4aika:<\/strong> 2.4.2016 <\/li><li><strong>Omistaja:<\/strong> Laura Koskenranta <\/li><\/ul>\n\n\n\n<figure class=\"wp-block-image size-large\"><img loading=\"lazy\" decoding=\"async\" width=\"720\" height=\"960\" src=\"https:\/\/www.riemumielen.fi\/wp-content\/uploads\/2020\/04\/Lyyti-2020.jpg\" alt=\"\" class=\"wp-image-2966\" srcset=\"https:\/\/www.riemumielen.fi\/wp-content\/uploads\/2020\/04\/Lyyti-2020.jpg 720w, https:\/\/www.riemumielen.fi\/wp-content\/uploads\/2020\/04\/Lyyti-2020-225x300.jpg 225w\" sizes=\"auto, (max-width: 720px) 100vw, 720px\" \/><figcaption>Riemumielen Mets\u00e4n Haltija eli Lyyti esitt\u00e4ytyy. Kuva: Laura Koskenranta<\/figcaption><\/figure>\n\n\n\n<p>Lyytist\u00e4 kertoo t\u00e4ss\u00e4 esittelyss\u00e4 enemm\u00e4n Lyytin omistaja Laura.<\/p>\n\n\n\n<h4 class=\"wp-block-heading\">Kerro hieman koirastasi <\/h4>\n\n\n\n<p>Lyyti on iloinen, vilkas nuori neiti joka on aina menossa mukana. L\u00f6r\u00f6n\u00e4, itikkana, tai L\u00f6rden\u00e4kin tunnettu Lyyti vaikuttaa Joensuun alueella ja on omissa piireiss\u00e4\u00e4n hyvin pidetty ja rakastettu pieni collie. Lyytist\u00e4 kertoo paljon se ett\u00e4 monet l\u00e4hipiirimme ihmiset ottaisivat sen kuulemma kernaasti omakseen. Olenkin monta kertaa miettinyt ett\u00e4 sanakirjassa kohdassa \u201dihmisen paras Yst\u00e4v\u00e4\u201d, tulisi olla v\u00e4hint\u00e4\u00e4n Lyytin kuva. <\/p>\n\n\n\n<h4 class=\"wp-block-heading\">Mik\u00e4 koirassasi on parasta? <\/h4>\n\n\n\n<p>Lyytist\u00e4 on hankala sanoa yht\u00e4 tietty\u00e4 piirrett\u00e4, joka on ylitse muiden. Ehk\u00e4 suurin kuitenkin lienee sen loputon rakkaus ja uskollisuus omaa perhett\u00e4 ja tuttavia kohtaan. Se seuraa sinua vaikka maailman tappiin saakka eik\u00e4 kysy miksi. <\/p>\n\n\n\n<figure class=\"wp-block-image size-large\"><img loading=\"lazy\" decoding=\"async\" width=\"1944\" height=\"1296\" src=\"https:\/\/i0.wp.com\/www.riemumielen.fi\/wp-content\/uploads\/2020\/04\/70298352_671426690000537_4943853583599665152_n-1.jpg?fit=640%2C427&amp;ssl=1\" alt=\"\" class=\"wp-image-2968\" srcset=\"https:\/\/www.riemumielen.fi\/wp-content\/uploads\/2020\/04\/70298352_671426690000537_4943853583599665152_n-1.jpg 1944w, https:\/\/www.riemumielen.fi\/wp-content\/uploads\/2020\/04\/70298352_671426690000537_4943853583599665152_n-1-300x200.jpg 300w, https:\/\/www.riemumielen.fi\/wp-content\/uploads\/2020\/04\/70298352_671426690000537_4943853583599665152_n-1-1024x683.jpg 1024w, https:\/\/www.riemumielen.fi\/wp-content\/uploads\/2020\/04\/70298352_671426690000537_4943853583599665152_n-1-768x512.jpg 768w, https:\/\/www.riemumielen.fi\/wp-content\/uploads\/2020\/04\/70298352_671426690000537_4943853583599665152_n-1-1536x1024.jpg 1536w, https:\/\/www.riemumielen.fi\/wp-content\/uploads\/2020\/04\/70298352_671426690000537_4943853583599665152_n-1-750x500.jpg 750w\" sizes=\"auto, (max-width: 1944px) 100vw, 1944px\" \/><\/figure>\n\n\n\n<h4 class=\"wp-block-heading\">Mit\u00e4 haasteita koirasi kanssa on? <\/h4>\n\n\n\n<p>Omaan k\u00e4teeni Lyyti on l\u00e4hes t\u00e4ydellinen koira, joten siit\u00e4 on todella vaikea sanoa piirteit\u00e4 joista olisi ollut ns. vaivaa. Edelliseen viitataten suurin haaste saattaa olla ett\u00e4 joskus omistajakin kaipaa tilaa ja esimerkiksi vessaan ei tarvitsisi tunkea mukaan. <\/p>\n\n\n\n<h4 class=\"wp-block-heading\">Kuka on koirasi paras kaveri? <\/h4>\n\n\n\n<p>L\u00f6r\u00f6n paras kaveri on ehdottomasti Usko veli. Usko on ollut l\u00e4sn\u00e4 Lyytin pentuajoista saakka ja toiminut parhaana kaverina sek\u00e4 opettajana. <\/p>\n\n\n\n<h4 class=\"wp-block-heading\">Mik\u00e4 on koirasi lempipuuhaa? <\/h4>\n\n\n\n<p>Jos Lyyti saisi suunnitella p\u00e4iv\u00e4ns\u00e4 sujuisi se kutakuinkin niin ett\u00e4 istuisin koko p\u00e4iv\u00e4n p\u00f6pelik\u00f6ss\u00e4 viskomassa palloa ja se noutaisi, kunnes jalat pett\u00e4isiv\u00e4t alta. <\/p>\n\n\n\n<h4 class=\"wp-block-heading\">Harrastatko jotain koiran kanssa? <\/h4>\n\n\n\n<p>Lyyti viett\u00e4\u00e4 t\u00e4ll\u00e4 hetkell\u00e4 \u201dpakollista\u201d treenitaukoa, koska korona. Normaalisti arkemme koostuu rallitoko ja toko harjoituksista. Lyyti on toiminut my\u00f6s Susirajan etsiv\u00e4koirien etsij\u00e4koirana. <\/p>\n\n\n\n<h4 class=\"wp-block-heading\">Omistajan terveiset muille collienomistajille <\/h4>\n\n\n\n<p>Collie antaa paljon, mutta se my\u00f6s vaatii aikansa. Oikeissa k\u00e4siss\u00e4 se on maailman paras koira, joka seuraa v\u00e4sym\u00e4tt\u00e4 rinnalla my\u00f6t\u00e4 ja vastam\u00e4iss\u00e4.<\/p>\n\n\n\n<figure class=\"wp-block-image size-large\"><img loading=\"lazy\" decoding=\"async\" width=\"293\" height=\"339\" src=\"https:\/\/www.riemumielen.fi\/wp-content\/uploads\/2020\/04\/Lyyti.png\" alt=\"\" class=\"wp-image-2967\" srcset=\"https:\/\/www.riemumielen.fi\/wp-content\/uploads\/2020\/04\/Lyyti.png 293w, https:\/\/www.riemumielen.fi\/wp-content\/uploads\/2020\/04\/Lyyti-259x300.png 259w\" sizes=\"auto, (max-width: 293px) 100vw, 293px\" \/><\/figure>\n\n\n\n<p><strong>Suuri kiitos Lyytin esittelyst\u00e4 Lauralle!<\/strong><\/p>\n","protected":false},"excerpt":{"rendered":"<p>T\u00e4m\u00e4 blogikirjoitus jatkaa \u201cRiemumieli esitt\u00e4ytyy\u201d -osiota, jossa nousevat estradille Riemumielen pitk\u00e4karvaiset colliet kolmesta eri pentueesta, omistajiensa esittelemin\u00e4. Esittelyss\u00e4 on aina yksi Riemumielen kennelnimelle rekister\u00f6ity pitk\u00e4karvainen collie kerrallaan. Riemumielen Mets\u00e4n Haltija eli Lyyti T\u00e4ll\u00e4 kertaa esittelyvuorossa on Lyyti, narttucollie Riemumielen ensimm\u00e4isest\u00e4 pentueesta eli Karhunpennuista. T\u00e4ss\u00e4 Riemun ja Jackyn pentueessa on nelj\u00e4 urosta ja kolme narttua, ja [&hellip;]<\/p>\n","protected":false},"author":1,"featured_media":2965,"comment_status":"open","ping_status":"open","sticky":false,"template":"","format":"standard","meta":{"_exactmetrics_skip_tracking":false,"_exactmetrics_sitenote_active":false,"_exactmetrics_sitenote_note":"","_exactmetrics_sitenote_category":0,"footnotes":""},"categories":[79],"tags":[122,906,202],"class_list":["post-2952","post","type-post","status-publish","format-standard","has-post-thumbnail","hentry","category-pentueet","tag-karhunpennut","tag-lyyti","tag-riemumieli-esittaytyy"],"_links":{"self":[{"href":"https:\/\/www.riemumielen.fi\/de\/wp-json\/wp\/v2\/posts\/2952","targetHints":{"allow":["GET"]}}],"collection":[{"href":"https:\/\/www.riemumielen.fi\/de\/wp-json\/wp\/v2\/posts"}],"about":[{"href":"https:\/\/www.riemumielen.fi\/de\/wp-json\/wp\/v2\/types\/post"}],"author":[{"embeddable":true,"href":"https:\/\/www.riemumielen.fi\/de\/wp-json\/wp\/v2\/users\/1"}],"replies":[{"embeddable":true,"href":"https:\/\/www.riemumielen.fi\/de\/wp-json\/wp\/v2\/comments?post=2952"}],"version-history":[{"count":0,"href":"https:\/\/www.riemumielen.fi\/de\/wp-json\/wp\/v2\/posts\/2952\/revisions"}],"wp:featuredmedia":[{"embeddable":true,"href":"https:\/\/www.riemumielen.fi\/de\/wp-json\/wp\/v2\/media\/2965"}],"wp:attachment":[{"href":"https:\/\/www.riemumielen.fi\/de\/wp-json\/wp\/v2\/media?parent=2952"}],"wp:term":[{"taxonomy":"category","embeddable":true,"href":"https:\/\/www.riemumielen.fi\/de\/wp-json\/wp\/v2\/categories?post=2952"},{"taxonomy":"post_tag","embeddable":true,"href":"https:\/\/www.riemumielen.fi\/de\/wp-json\/wp\/v2\/tags?post=2952"}],"curies":[{"name":"wp","href":"https:\/\/api.w.org\/{rel}","templated":true}]}}