{"id":14318,"date":"2026-03-02T16:04:35","date_gmt":"2026-03-02T13:04:35","guid":{"rendered":"https:\/\/www.riemumielen.fi\/?p=14318"},"modified":"2026-03-02T16:04:37","modified_gmt":"2026-03-02T13:04:37","slug":"virallisia-terveystutkimustuloksia","status":"publish","type":"post","link":"https:\/\/www.riemumielen.fi\/de\/terveydenhoito\/virallisia-terveystutkimustuloksia\/","title":{"rendered":"Mozart-pentueen viralliset terveystutkimukset"},"content":{"rendered":"\n<p>K\u00e4vimme viime viikon keskiviikkona Mozart-pentueen kanssa virallisissa terveystutkimuksissa Vetsonissa Espoossa. Tutkimukset suoritti el\u00e4inl\u00e4\u00e4k\u00e4ri <strong>Lotta Axelson<\/strong>, jota voisi jo kutsua koirieni luottoel\u00e4inl\u00e4\u00e4k\u00e4riksi virallisten terveystutkimusten osalta.<\/p>\n\n\n\n<p>Mukana terveystutkimusk\u00e4ynnill\u00e4 olivat 1 vuoden ja 3 kuukauden ik\u00e4iset siskokset <strong>Demi, Nita ja Pinja<\/strong> sek\u00e4 sile\u00e4karvainen collieuros <strong>Niilo<\/strong>. Pentueen yhteinen kimppaterveystarkastusk\u00e4ynti antaa minulle kasvattajana samalla mahdollisuuden havainnoida pentueen luonteita ja k\u00e4ytt\u00e4ytymist\u00e4 el\u00e4inl\u00e4\u00e4k\u00e4rik\u00e4ynnin yhteydess\u00e4. Juuri t\u00e4st\u00e4 syyst\u00e4 olen kokenut yhteiset k\u00e4ynnit erityisen t\u00e4rkeiksi.<\/p>\n\n\n\n<p>Tytt\u00f6jen terveystulokset ovat nyt n\u00e4kyviss\u00e4 KoiraNetiss\u00e4 ja t\u00e4ss\u00e4 viralliset tulokset:<\/p>\n\n\n\n<p><strong>Demi eli Riemumielen Y\u00f6n Kuningattaren Aaria<\/strong><\/p>\n\n\n\n<ul class=\"wp-block-list\">\n<li>lonkat A\/A<\/li>\n\n\n\n<li>kyyn\u00e4r\u00e4t 0\/0<\/li>\n\n\n\n<li>silm\u00e4t: CEA\/CRD<\/li>\n<\/ul>\n\n\n\n<p><strong>Nita eli Riemumielen Figaron Kaunis Morsian<\/strong> (sijoituksessa)<\/p>\n\n\n\n<ul class=\"wp-block-list\">\n<li>lonkat C\/B<\/li>\n\n\n\n<li>kyyn\u00e4r\u00e4t 0\/0<\/li>\n\n\n\n<li>silm\u00e4t: CEA\/CRD<\/li>\n\n\n\n<li>distichiasis (liev\u00e4, muutama ylim\u00e4\u00e4r\u00e4inen ripsi)<\/li>\n\n\n\n<li>selk\u00e4: LTV1, VA0<\/li>\n<\/ul>\n\n\n\n<p><strong>Pinja eli Riemumielen Paimentytt\u00f6 Bastienne<\/strong> (sijoituksessa)<\/p>\n\n\n\n<ul class=\"wp-block-list\">\n<li>lonkat A\/A<\/li>\n\n\n\n<li>kyyn\u00e4r\u00e4t 0\/0<\/li>\n\n\n\n<li>silm\u00e4t: CEA\/CRD<\/li>\n\n\n\n<li>selk\u00e4: LTV1, VA1<\/li>\n<\/ul>\n\n\n\n<p>Pentueeseen kuuluu my\u00f6s nelj\u00e4s sisko <strong>Riemumielen Paminan Lumoava Laulu eli Noomi<\/strong>, joka on terveystutkittu ep\u00e4virallisesti alle 1\u2011vuotiaana Kennelliiton arviolla<strong> <\/strong>D\/A tai B. Tulos on merkitty KoiraNetin jalostustietokantaan muodossa D\/-, koska Kennelliitto ei kirjaa ep\u00e4virallista arviota terveest\u00e4 puolesta.<\/p>\n\n\n\n<h3 class=\"wp-block-heading\">Viralliset selk\u00e4tutkimukset collieilla<\/h3>\n\n\n\n<p>Virallinen selk\u00e4kuvaus ei kuulu pitk\u00e4karvaisen collien PEVISA-tutkimuksiin, mutta olen kokenut sen hy\u00f6dylliseksi lis\u00e4tiedoksi erityisesti jalostus- ja harrastussuunnitelmia tehdess\u00e4. Aivan kaikkea ei tietenk\u00e4\u00e4n ole tarkoituksenmukaista tutkia oireettomilta koirilta, mutta sel\u00e4n osalta koen tiedon arvokkaaksi.<\/p>\n\n\n\n<p>Virallisia selk\u00e4lausuntoja on annettu kaikille roduille vuodesta 2013 alkaen, ja <strong>LTV1- sek\u00e4 VA1-muutokset<\/strong> ovat pitk\u00e4karvaisilla collieilla varsin yleisi\u00e4 l\u00f6yd\u00f6ksi\u00e4. Virallisten tutkimusten lis\u00e4ksi collieita on tutkittu sel\u00e4n osalta jo pidemp\u00e4\u00e4n ep\u00e4virallisesti.<\/p>\n\n\n\n<p>Alle 2\u2011vuotiaana koira voi saada virallisen arvion seuraavista l\u00f6yd\u00f6ksist\u00e4:<\/p>\n\n\n\n<ul class=\"wp-block-list\">\n<li><strong>V\u00e4limuotoinen lanne\u2011ristinikama (LTV, lumbosacral transitional vertebra)<\/strong><\/li>\n\n\n\n<li><strong>Selk\u00e4rangan nikamien ep\u00e4muodostumat (VA, vertebral anomaly)<\/strong><\/li>\n<\/ul>\n\n\n\n<p>Kennelliiton jalostustieteellisen toimikunnan suosituksena on, ett\u00e4 <strong>LTV1\u2013LTV4\u2011tuloksen<\/strong> saaneet koirat yhdistet\u00e4\u00e4n vain <strong>LTV0\u2011koirien<\/strong> kanssa. T\u00e4ll\u00e4 hetkell\u00e4 t\u00e4m\u00e4 on haastavaa, sill\u00e4 virallisesti ja rutiininomaisesti selk\u00e4tutkittuja yksil\u00f6it\u00e4 on rodussa viel\u00e4 liian v\u00e4h\u00e4n, jotta ominaisuuden osalta voitaisi karsia oireettomia yksil\u00f6it\u00e4 jalostuksesta. Koen itse nyt t\u00e4rkeimp\u00e4n\u00e4 asiana sel\u00e4n osalta sen, ett\u00e4 mahdollisimman paljon jalostukseen suunniteltuja yksil\u00f6it\u00e4 kuvataan virallisesti ja oireilevat koirat j\u00e4tet\u00e4\u00e4n pois jalostuksesta.<\/p>\n\n\n\n<p><\/p>\n","protected":false},"excerpt":{"rendered":"<p>K\u00e4vimme viime viikon keskiviikkona Mozart-pentueen kanssa virallisissa terveystutkimuksissa Vetsonissa Espoossa. Tutkimukset suoritti el\u00e4inl\u00e4\u00e4k\u00e4ri Lotta Axelson, jota voisi jo kutsua koirieni luottoel\u00e4inl\u00e4\u00e4k\u00e4riksi virallisten terveystutkimusten osalta. Mukana terveystutkimusk\u00e4ynnill\u00e4 olivat 1 vuoden ja 3 kuukauden ik\u00e4iset siskokset Demi, Nita ja Pinja sek\u00e4 sile\u00e4karvainen collieuros Niilo. Pentueen yhteinen kimppaterveystarkastusk\u00e4ynti antaa minulle kasvattajana samalla mahdollisuuden havainnoida pentueen luonteita ja k\u00e4ytt\u00e4ytymist\u00e4 [&hellip;]<\/p>\n","protected":false},"author":1,"featured_media":14320,"comment_status":"open","ping_status":"open","sticky":false,"template":"","format":"standard","meta":{"_exactmetrics_skip_tracking":false,"_exactmetrics_sitenote_active":false,"_exactmetrics_sitenote_note":"","_exactmetrics_sitenote_category":0,"footnotes":""},"categories":[815],"tags":[256,746,526,830],"class_list":["post-14318","post","type-post","status-publish","format-standard","has-post-thumbnail","hentry","category-terveydenhoito","tag-collie","tag-collieblogi","tag-koirablogi","tag-pevisa"],"_links":{"self":[{"href":"https:\/\/www.riemumielen.fi\/de\/wp-json\/wp\/v2\/posts\/14318","targetHints":{"allow":["GET"]}}],"collection":[{"href":"https:\/\/www.riemumielen.fi\/de\/wp-json\/wp\/v2\/posts"}],"about":[{"href":"https:\/\/www.riemumielen.fi\/de\/wp-json\/wp\/v2\/types\/post"}],"author":[{"embeddable":true,"href":"https:\/\/www.riemumielen.fi\/de\/wp-json\/wp\/v2\/users\/1"}],"replies":[{"embeddable":true,"href":"https:\/\/www.riemumielen.fi\/de\/wp-json\/wp\/v2\/comments?post=14318"}],"version-history":[{"count":3,"href":"https:\/\/www.riemumielen.fi\/de\/wp-json\/wp\/v2\/posts\/14318\/revisions"}],"predecessor-version":[{"id":14323,"href":"https:\/\/www.riemumielen.fi\/de\/wp-json\/wp\/v2\/posts\/14318\/revisions\/14323"}],"wp:featuredmedia":[{"embeddable":true,"href":"https:\/\/www.riemumielen.fi\/de\/wp-json\/wp\/v2\/media\/14320"}],"wp:attachment":[{"href":"https:\/\/www.riemumielen.fi\/de\/wp-json\/wp\/v2\/media?parent=14318"}],"wp:term":[{"taxonomy":"category","embeddable":true,"href":"https:\/\/www.riemumielen.fi\/de\/wp-json\/wp\/v2\/categories?post=14318"},{"taxonomy":"post_tag","embeddable":true,"href":"https:\/\/www.riemumielen.fi\/de\/wp-json\/wp\/v2\/tags?post=14318"}],"curies":[{"name":"wp","href":"https:\/\/api.w.org\/{rel}","templated":true}]}}